{"id":151232,"date":"2025-02-07T16:15:32","date_gmt":"2025-02-07T19:15:32","guid":{"rendered":"https:\/\/cdnoticias.com\/?p=151232"},"modified":"2025-02-07T19:08:55","modified_gmt":"2025-02-07T22:08:55","slug":"ramiro-borzi-se-va-a-perder-la-mirada-global-de-la-salud","status":"publish","type":"post","link":"https:\/\/cdnoticias.com\/index.php\/2025\/02\/07\/ramiro-borzi-se-va-a-perder-la-mirada-global-de-la-salud\/","title":{"rendered":"Ramiro Borzi: \u201cSe va a perder la mirada global de la salud\u201d"},"content":{"rendered":"<p>As\u00ed lo indic\u00f3 el director de Regi\u00f3n Sanitario IX. Consider\u00f3 que la salida de Argentina de la OMS es un hecho irrisorio y absolutamente negativo.<!--more--><\/p>\n<hr \/>\n<p>El <strong>director de la Regi\u00f3n Sanitaria IX, Ramiro Borzi<\/strong>, se refiri\u00f3 al anuncio realizado recientemente por el Gobierno nacional en relaci\u00f3n a la <strong>orden que dio esta semana el presidente Javier Milei de <a href=\"https:\/\/cdnoticias.com\/index.php\/2025\/02\/05\/milei-decidio-retirar-a-argentina-de-la-organizacion-mundial-de-la-salud\/\" target=\"_blank\" rel=\"noopener\">retirar a la Argentina de la Organizaci\u00f3n Mundial de la Salud (OMS)<\/a><\/strong>.<\/p>\n<p><strong>&#8220;Esta decisi\u00f3n que ha tomado el gobierno nacional no tiene ning\u00fan tipo de sentido<\/strong>, es un sinsentido absoluto. La novedad, por supuesto que gener\u00f3 un impacto y una sorpresa muy grande, sobre todo porque <strong>se va a perder la mirada global de la salud<\/strong>. Y si hay algo que, por ejemplo, nos ense\u00f1\u00f3 la pandemia hace cinco a\u00f1os es, justamente,<strong> lo necesario que es tener esa mirada global para analizar situaciones epidemiol\u00f3gicas<\/strong>, para tener alertas de brotes y conceptos en com\u00fan&#8221;, expres\u00f3 la autoridad sanitaria en el inicio de la charla.<\/p>\n<blockquote><p>En ese sentido se\u00f1al\u00f3 que correr a la Argentina de la \u00f3rbita de la OMS puede ser sumamente perjudicial, e indic\u00f3: &#8220;Integrar esa organizaci\u00f3n nos sirve sobre todo para tener l\u00edneas comunes en materia de prevenci\u00f3n, esto es esencial. Y se pierde por todos lados, porque se pierde en acceso al financiamiento, en acceso a la actualizaci\u00f3n de informaci\u00f3n cient\u00edfica y a formaci\u00f3n. Y se pierde en acceso a cuestiones fundamentales como son insumos para inmunizaci\u00f3n, para enfermedades de trasmisi\u00f3n sexual y para el an\u00e1lisis, el estudio y la atenci\u00f3n de enfermedades cr\u00f3nicas. Por eso es irrisorio y absolutamente negativo&#8221;.<\/p><\/blockquote>\n<p>Asimismo, Borzi admiti\u00f3 que desconoce si hay pa\u00edses que han logrado llevar adelante pol\u00edticas de salud exitosas sin atender a las recomendaciones que hace el organismo internacional y dijo: &#8220;Pero s\u00ed <strong>me consta y conozco lo legitimada que est\u00e1 la OMS<\/strong> a\u00fan con las diferencias que puedan existir con alguna l\u00ednea de la pol\u00edtica sanitaria de la OMS. Pero de ah\u00ed a salirse de un \u00e1mbito que est\u00e1 absolutamente legitimado me parece completamente absurdo&#8221;.<\/p>\n<p>M\u00e1s adelante y consultado sobre el argumento que utiliz\u00f3 el vocero presidencial Manuel Adorni cuando anunci\u00f3 la decisi\u00f3n e hizo referencia a lo perjudicial que fue para Argentina y para otros pa\u00edses lo que denomin\u00f3 como &#8220;cuarentena eterna&#8221; durante la pandemia de coronavirus y este manifest\u00f3: <strong>&#8220;Me parece una decisi\u00f3n muy impulsiva y para nada reflexiva<\/strong> porque no pensaron ni contemplaron cu\u00e1l ser\u00e1 el riesgo que nos va a ocasionar a mediano y largo plazo como pa\u00eds&#8221;.<\/p>\n<p>Por \u00faltimo, el funcionario provincial coincidi\u00f3 con <strong>lo manifestado en las \u00faltimas horas por el Ministro de Salud bonaerense Nicolas Kreplak<\/strong> y recalc\u00f3: &#8220;C\u00f3mo m\u00ednimo esta<strong> era una decisi\u00f3n que ameritaba ser discutida en el Consejo Federal de Salud<\/strong>, donde se re\u00fanen los ministros de todas las jurisdicciones de la Argentina, pero esto hecho de manera inconsulta habla de <strong>un capricho peligroso&#8221;<\/strong>.<\/p>\n<p>Fuente y foto: <em>Diario El Tiempo<\/em><\/p>\n<blockquote class=\"wp-embedded-content\" data-secret=\"2DvKLr3myz\"><p><a href=\"https:\/\/cdnoticias.com\/index.php\/2025\/02\/06\/facultad-de-salud-la-salud-global-no-es-ideologia-es-un-derecho-humano-esencial\/\">Facultad de Salud: \u201cLa salud global no es ideolog\u00eda, es un derecho humano esencial\u201d<\/a><\/p><\/blockquote>\n<p><iframe loading=\"lazy\" class=\"wp-embedded-content\" sandbox=\"allow-scripts\" security=\"restricted\" style=\"position: absolute; visibility: hidden;\" title=\"&#8220;Facultad de Salud: \u201cLa salud global no es ideolog\u00eda, es un derecho humano esencial\u201d&#8221; &#8212; Central de Noticias | Olavarr\u00eda\" src=\"https:\/\/cdnoticias.com\/index.php\/2025\/02\/06\/facultad-de-salud-la-salud-global-no-es-ideologia-es-un-derecho-humano-esencial\/embed\/#?secret=GLgwbfkYk9#?secret=2DvKLr3myz\" data-secret=\"2DvKLr3myz\" width=\"600\" height=\"338\" frameborder=\"0\" marginwidth=\"0\" marginheight=\"0\" scrolling=\"no\"><\/iframe><\/p>\n","protected":false},"excerpt":{"rendered":"<p>As\u00ed lo indic\u00f3 el director de Regi\u00f3n Sanitario IX. Consider\u00f3 que la salida de Argentina de la OMS es un<\/p>\n","protected":false},"author":4,"featured_media":151233,"comment_status":"closed","ping_status":"closed","sticky":false,"template":"","format":"standard","meta":{"_jetpack_memberships_contains_paid_content":false,"footnotes":""},"categories":[4,1],"tags":[],"class_list":["post-151232","post","type-post","status-publish","format-standard","has-post-thumbnail","hentry","category-politica","category-portada"],"jetpack_featured_media_url":"https:\/\/i0.wp.com\/cdnoticias.com\/wp-content\/uploads\/2025\/02\/ramiro-borzi-diario-el-tiempo.jpeg?fit=948%2C533&ssl=1","jetpack_sharing_enabled":true,"_links":{"self":[{"href":"https:\/\/cdnoticias.com\/index.php\/wp-json\/wp\/v2\/posts\/151232","targetHints":{"allow":["GET"]}}],"collection":[{"href":"https:\/\/cdnoticias.com\/index.php\/wp-json\/wp\/v2\/posts"}],"about":[{"href":"https:\/\/cdnoticias.com\/index.php\/wp-json\/wp\/v2\/types\/post"}],"author":[{"embeddable":true,"href":"https:\/\/cdnoticias.com\/index.php\/wp-json\/wp\/v2\/users\/4"}],"replies":[{"embeddable":true,"href":"https:\/\/cdnoticias.com\/index.php\/wp-json\/wp\/v2\/comments?post=151232"}],"version-history":[{"count":0,"href":"https:\/\/cdnoticias.com\/index.php\/wp-json\/wp\/v2\/posts\/151232\/revisions"}],"wp:featuredmedia":[{"embeddable":true,"href":"https:\/\/cdnoticias.com\/index.php\/wp-json\/wp\/v2\/media\/151233"}],"wp:attachment":[{"href":"https:\/\/cdnoticias.com\/index.php\/wp-json\/wp\/v2\/media?parent=151232"}],"wp:term":[{"taxonomy":"category","embeddable":true,"href":"https:\/\/cdnoticias.com\/index.php\/wp-json\/wp\/v2\/categories?post=151232"},{"taxonomy":"post_tag","embeddable":true,"href":"https:\/\/cdnoticias.com\/index.php\/wp-json\/wp\/v2\/tags?post=151232"}],"curies":[{"name":"wp","href":"https:\/\/api.w.org\/{rel}","templated":true}]}}