{"id":151226,"date":"2025-02-07T11:53:40","date_gmt":"2025-02-07T14:53:40","guid":{"rendered":"https:\/\/cdnoticias.com\/?p=151226"},"modified":"2025-02-07T16:15:58","modified_gmt":"2025-02-07T19:15:58","slug":"bomberos-olavarria-recauda-donaciones-para-el-bolson","status":"publish","type":"post","link":"https:\/\/cdnoticias.com\/index.php\/2025\/02\/07\/bomberos-olavarria-recauda-donaciones-para-el-bolson\/","title":{"rendered":"Bomberos Olavarr\u00eda recauda donaciones para El Bols\u00f3n"},"content":{"rendered":"<p>La instituci\u00f3n realiza una colecta para donar a los Bomberos de Epuy\u00e9n que combaten cinco focos de incendio por estos d\u00edas. La colecta se extender\u00e1 hasta el jueves 13.<!--more--><\/p>\n<hr \/>\n<p>Los <strong>incendios forestales<\/strong> que afectan a la zona de <strong>El Bols\u00f3n, en la provincia de R\u00edo Negro<\/strong>, han generado una gran<strong> preocupaci\u00f3n y solidaridad<\/strong> en la comunidad. Los<strong> Bomberos de Olavarr\u00eda<\/strong> no son la excepci\u00f3n y han decidido realizar una <strong>colecta para donar a los Bomberos de Epuy\u00e9n<\/strong> que est\u00e1n combatiendo el fuego.<\/p>\n<blockquote><p>\u201cLa situaci\u00f3n en la zona es cr\u00edtica, con varios incendios activos y una gran cantidad de recursos desplegados para combatirlos\u201d se inform\u00f3 desde la entidad local.<\/p><\/blockquote>\n<p>En ese sentido, se destac\u00f3 que \u201clos Bomberos de Epuy\u00e9n no solo est\u00e1n trabajando arduamente para controlar el fuego, sino que tambi\u00e9n est\u00e1n <strong>recibiendo a bomberos de otras zonas que llegan a colaborar<\/strong>. Por eso, <strong>desde Bomberos de Olavarr\u00eda<\/strong>, en una iniciativa entre el Consejo Directivo, la Jefatura y la Subcomisi\u00f3n de Damas se decidido realizar una colecta para apoyar a los compa\u00f1eros de Epuy\u00e9n y <strong>contribuir en alguna medida a aliviar la situaci\u00f3n<\/strong>\u201d.<\/p>\n<blockquote class=\"instagram-media\" style=\"background: #FFF; border: 0; border-radius: 3px; box-shadow: 0 0 1px 0 rgba(0,0,0,0.5),0 1px 10px 0 rgba(0,0,0,0.15); margin: 1px; max-width: 540px; min-width: 326px; padding: 0; width: calc(100% - 2px);\" data-instgrm-permalink=\"https:\/\/www.instagram.com\/p\/DFxoE12gP_5\/?utm_source=ig_embed&amp;utm_campaign=loading\" data-instgrm-version=\"14\">\n<div style=\"padding: 16px;\">\n<div style=\"display: flex; flex-direction: row; align-items: center;\">\n<div style=\"background-color: #f4f4f4; border-radius: 50%; flex-grow: 0; height: 40px; margin-right: 14px; width: 40px;\"><\/div>\n<div style=\"display: flex; flex-direction: column; flex-grow: 1; justify-content: center;\">\n<div style=\"background-color: #f4f4f4; border-radius: 4px; flex-grow: 0; height: 14px; margin-bottom: 6px; width: 100px;\"><\/div>\n<div style=\"background-color: #f4f4f4; border-radius: 4px; flex-grow: 0; height: 14px; width: 60px;\"><\/div>\n<\/div>\n<\/div>\n<div style=\"padding: 19% 0;\"><\/div>\n<div style=\"display: block; height: 50px; margin: 0 auto 12px; width: 50px;\"><\/div>\n<div style=\"padding-top: 8px;\">\n<div style=\"color: #3897f0; font-family: Arial,sans-serif; font-size: 14px; font-style: normal; font-weight: 550; line-height: 18px;\">Ver esta publicaci\u00f3n en Instagram<\/div>\n<\/div>\n<div style=\"padding: 12.5% 0;\"><\/div>\n<div style=\"display: flex; flex-direction: row; margin-bottom: 14px; align-items: center;\">\n<div>\n<div style=\"background-color: #f4f4f4; border-radius: 50%; height: 12.5px; width: 12.5px; transform: translateX(0px) translateY(7px);\"><\/div>\n<div style=\"background-color: #f4f4f4; height: 12.5px; transform: rotate(-45deg) translateX(3px) translateY(1px); width: 12.5px; flex-grow: 0; margin-right: 14px; margin-left: 2px;\"><\/div>\n<div style=\"background-color: #f4f4f4; border-radius: 50%; height: 12.5px; width: 12.5px; transform: translateX(9px) translateY(-18px);\"><\/div>\n<\/div>\n<div style=\"margin-left: 8px;\">\n<div style=\"background-color: #f4f4f4; border-radius: 50%; flex-grow: 0; height: 20px; width: 20px;\"><\/div>\n<div style=\"width: 0; height: 0; border-top: 2px solid transparent; border-left: 6px solid #f4f4f4; border-bottom: 2px solid transparent; transform: translateX(16px) translateY(-4px) rotate(30deg);\"><\/div>\n<\/div>\n<div style=\"margin-left: auto;\">\n<div style=\"width: 0px; border-top: 8px solid #F4F4F4; border-right: 8px solid transparent; transform: translateY(16px);\"><\/div>\n<div style=\"background-color: #f4f4f4; flex-grow: 0; height: 12px; width: 16px; transform: translateY(-4px);\"><\/div>\n<div style=\"width: 0; height: 0; border-top: 8px solid #F4F4F4; border-left: 8px solid transparent; transform: translateY(-4px) translateX(8px);\"><\/div>\n<\/div>\n<\/div>\n<div style=\"display: flex; flex-direction: column; flex-grow: 1; justify-content: center; margin-bottom: 24px;\">\n<div style=\"background-color: #f4f4f4; border-radius: 4px; flex-grow: 0; height: 14px; margin-bottom: 6px; width: 224px;\"><\/div>\n<div style=\"background-color: #f4f4f4; border-radius: 4px; flex-grow: 0; height: 14px; width: 144px;\"><\/div>\n<\/div>\n<p style=\"color: #c9c8cd; font-family: Arial,sans-serif; font-size: 14px; line-height: 17px; margin-bottom: 0; margin-top: 8px; overflow: hidden; padding: 8px 0 7px; text-align: center; text-overflow: ellipsis; white-space: nowrap;\"><a style=\"color: #c9c8cd; font-family: Arial,sans-serif; font-size: 14px; font-style: normal; font-weight: normal; line-height: 17px; text-decoration: none;\" href=\"https:\/\/www.instagram.com\/p\/DFxoE12gP_5\/?utm_source=ig_embed&amp;utm_campaign=loading\" target=\"_blank\" rel=\"noopener\">Una publicaci\u00f3n compartida por Bomberos Vol. de Olavarr\u00eda (@bomberosdeolavarria)<\/a><\/p>\n<\/div>\n<\/blockquote>\n<p><script async src=\"\/\/www.instagram.com\/embed.js\"><\/script><\/p>\n<blockquote><p>Las donaciones se recibir\u00e1n hasta el jueves 13 de febrero en el Cuartel Central de Bomberos de Olavarr\u00eda y se aceptar\u00e1n los siguientes art\u00edculos: alimentos no perecederos, utensilios de cocina, ropa de cama. Para los brigadistas: guantes de cuero, borcegos talla grande, ropa de trabajo y elementos de botiqu\u00edn como colirios, Plastul, gasas, vendajes, cintas.<\/p><\/blockquote>\n<p>Una vez recolectadas, las donaciones ser\u00e1n llevadas a la provincia de R\u00edo Negro, donde <strong>ser\u00e1n entregadas a los Bomberos de Epuy\u00e9n<\/strong> para que puedan seguir trabajando en la contenci\u00f3n del incendio.<\/p>\n<p><em>\u201cQueremos invitar a toda la comunidad a sumarse a esta iniciativa y demostrar su solidaridad con los afectados por el incendio en El Bols\u00f3n\u201d<\/em> inform\u00f3 Bomberos.<\/p>\n<blockquote class=\"wp-embedded-content\" data-secret=\"Nuq7PaC0i3\"><p><a href=\"https:\/\/cdnoticias.com\/index.php\/2025\/02\/04\/vecinos-de-olavarria-radicados-en-el-bolson-perdieron-su-hogar-en-los-graves-incendios-y-organizaron-una-colecta\/\">Vecinos de Olavarr\u00eda radicados en El Bols\u00f3n perdieron su hogar en los graves incendios y organizaron una colecta<\/a><\/p><\/blockquote>\n<p><iframe loading=\"lazy\" class=\"wp-embedded-content\" sandbox=\"allow-scripts\" security=\"restricted\" style=\"position: absolute; visibility: hidden;\" title=\"&#8220;Vecinos de Olavarr\u00eda radicados en El Bols\u00f3n perdieron su hogar en los graves incendios y organizaron una colecta&#8221; &#8212; Central de Noticias | Olavarr\u00eda\" src=\"https:\/\/cdnoticias.com\/index.php\/2025\/02\/04\/vecinos-de-olavarria-radicados-en-el-bolson-perdieron-su-hogar-en-los-graves-incendios-y-organizaron-una-colecta\/embed\/#?secret=dmahW13l4y#?secret=Nuq7PaC0i3\" data-secret=\"Nuq7PaC0i3\" width=\"600\" height=\"338\" frameborder=\"0\" marginwidth=\"0\" marginheight=\"0\" scrolling=\"no\"><\/iframe><\/p>\n","protected":false},"excerpt":{"rendered":"<p>La instituci\u00f3n realiza una colecta para donar a los Bomberos de Epuy\u00e9n que combaten cinco focos de incendio por estos<\/p>\n","protected":false},"author":4,"featured_media":150999,"comment_status":"closed","ping_status":"closed","sticky":false,"template":"","format":"standard","meta":{"_jetpack_memberships_contains_paid_content":false,"footnotes":""},"categories":[5,1],"tags":[],"class_list":["post-151226","post","type-post","status-publish","format-standard","has-post-thumbnail","hentry","category-informacion-general","category-portada"],"jetpack_featured_media_url":"https:\/\/i0.wp.com\/cdnoticias.com\/wp-content\/uploads\/2025\/02\/elbolsonayuda.jpg?fit=468%2C220&ssl=1","jetpack_sharing_enabled":true,"_links":{"self":[{"href":"https:\/\/cdnoticias.com\/index.php\/wp-json\/wp\/v2\/posts\/151226","targetHints":{"allow":["GET"]}}],"collection":[{"href":"https:\/\/cdnoticias.com\/index.php\/wp-json\/wp\/v2\/posts"}],"about":[{"href":"https:\/\/cdnoticias.com\/index.php\/wp-json\/wp\/v2\/types\/post"}],"author":[{"embeddable":true,"href":"https:\/\/cdnoticias.com\/index.php\/wp-json\/wp\/v2\/users\/4"}],"replies":[{"embeddable":true,"href":"https:\/\/cdnoticias.com\/index.php\/wp-json\/wp\/v2\/comments?post=151226"}],"version-history":[{"count":0,"href":"https:\/\/cdnoticias.com\/index.php\/wp-json\/wp\/v2\/posts\/151226\/revisions"}],"wp:featuredmedia":[{"embeddable":true,"href":"https:\/\/cdnoticias.com\/index.php\/wp-json\/wp\/v2\/media\/150999"}],"wp:attachment":[{"href":"https:\/\/cdnoticias.com\/index.php\/wp-json\/wp\/v2\/media?parent=151226"}],"wp:term":[{"taxonomy":"category","embeddable":true,"href":"https:\/\/cdnoticias.com\/index.php\/wp-json\/wp\/v2\/categories?post=151226"},{"taxonomy":"post_tag","embeddable":true,"href":"https:\/\/cdnoticias.com\/index.php\/wp-json\/wp\/v2\/tags?post=151226"}],"curies":[{"name":"wp","href":"https:\/\/api.w.org\/{rel}","templated":true}]}}