{"id":15121,"date":"2021-03-02T11:23:25","date_gmt":"2021-03-02T14:23:25","guid":{"rendered":"http:\/\/www.centraldenoticias.com.ar\/?p=15121"},"modified":"2021-03-02T11:23:25","modified_gmt":"2021-03-02T14:23:25","slug":"murio-oscar-padre-del-azuleno-matias-almeyda","status":"publish","type":"post","link":"https:\/\/cdnoticias.com\/index.php\/2021\/03\/02\/murio-oscar-padre-del-azuleno-matias-almeyda\/","title":{"rendered":"Muri\u00f3 Oscar, padre del azule\u00f1o Mat\u00edas Almeyda"},"content":{"rendered":"<p>Su fallecimiento se produjo tras contraer COVID, seg\u00fan confirm\u00f3 su esposa, quien tambi\u00e9n se encuentra internada por la misma enfermedad.<!--more--><\/p>\n<hr \/>\n<p>En la ma\u00f1ana de este martes, una lamentable noticia gener\u00f3 conmoci\u00f3n en la vecina ciudad de Azul:<strong> tras contraer COVID, muri\u00f3 Oscar Almeyda, padre del ex jugador y actual director t\u00e9cnico Mat\u00edas.<\/strong><\/p>\n<p>&nbsp;<\/p>\n<p>La noticia fue confirmada en redes sociales por su esposa, Silvia Calcagno, quien indic\u00f3 que <em>\u201cmientras estoy en la cama del Hospital recuper\u00e1ndome de COVID se me muri\u00f3 mi marido Oscar Almeyda\u201d.<\/em><\/p>\n<p>&nbsp;<\/p>\n<p>La mujer lament\u00f3 que <strong><em>\u201cno puedo despedirlo como quisiera pero Dios dispone las cosas\u201d.<\/em><\/strong> Confes\u00f3 sentirse <em>\u201cdestrozada\u201d<\/em> por la noticia.<\/p>\n<p>&nbsp;<\/p>\n<p><strong>Almeyda, ex jugador de River Plate y la Selecci\u00f3n Argentina, se encuentra dirigiendo al San Jose Earthquakes de la Major League Soccer<\/strong>, viviendo actualmente en Estados Unidos.<\/p>\n<p>&nbsp;<\/p>\n<p><em>Foto: Diario El Tiempo de Azul<\/em><\/p>\n","protected":false},"excerpt":{"rendered":"<p>Su fallecimiento se produjo tras contraer COVID, seg\u00fan confirm\u00f3 su esposa, quien tambi\u00e9n se encuentra internada por la misma enfermedad.<\/p>\n","protected":false},"author":2,"featured_media":15122,"comment_status":"closed","ping_status":"closed","sticky":false,"template":"","format":"standard","meta":{"_jetpack_memberships_contains_paid_content":false,"footnotes":""},"categories":[6,1],"tags":[],"class_list":["post-15121","post","type-post","status-publish","format-standard","has-post-thumbnail","hentry","category-nacionales","category-portada"],"jetpack_featured_media_url":"https:\/\/i0.wp.com\/cdnoticias.com\/wp-content\/uploads\/2021\/03\/156484355_3813913628702662_4070810227117329509_o.jpg?fit=1280%2C853&ssl=1","jetpack_sharing_enabled":true,"_links":{"self":[{"href":"https:\/\/cdnoticias.com\/index.php\/wp-json\/wp\/v2\/posts\/15121","targetHints":{"allow":["GET"]}}],"collection":[{"href":"https:\/\/cdnoticias.com\/index.php\/wp-json\/wp\/v2\/posts"}],"about":[{"href":"https:\/\/cdnoticias.com\/index.php\/wp-json\/wp\/v2\/types\/post"}],"author":[{"embeddable":true,"href":"https:\/\/cdnoticias.com\/index.php\/wp-json\/wp\/v2\/users\/2"}],"replies":[{"embeddable":true,"href":"https:\/\/cdnoticias.com\/index.php\/wp-json\/wp\/v2\/comments?post=15121"}],"version-history":[{"count":0,"href":"https:\/\/cdnoticias.com\/index.php\/wp-json\/wp\/v2\/posts\/15121\/revisions"}],"wp:featuredmedia":[{"embeddable":true,"href":"https:\/\/cdnoticias.com\/index.php\/wp-json\/wp\/v2\/media\/15122"}],"wp:attachment":[{"href":"https:\/\/cdnoticias.com\/index.php\/wp-json\/wp\/v2\/media?parent=15121"}],"wp:term":[{"taxonomy":"category","embeddable":true,"href":"https:\/\/cdnoticias.com\/index.php\/wp-json\/wp\/v2\/categories?post=15121"},{"taxonomy":"post_tag","embeddable":true,"href":"https:\/\/cdnoticias.com\/index.php\/wp-json\/wp\/v2\/tags?post=15121"}],"curies":[{"name":"wp","href":"https:\/\/api.w.org\/{rel}","templated":true}]}}