{"id":151208,"date":"2025-02-07T08:14:13","date_gmt":"2025-02-07T11:14:13","guid":{"rendered":"https:\/\/cdnoticias.com\/?p=151208"},"modified":"2025-02-07T08:14:17","modified_gmt":"2025-02-07T11:14:17","slug":"carlos-alfredo-abraham-carlitos-q-e-p-d","status":"publish","type":"post","link":"https:\/\/cdnoticias.com\/index.php\/2025\/02\/07\/carlos-alfredo-abraham-carlitos-q-e-p-d\/","title":{"rendered":"Carlos Alfredo Abraham &#8220;Carlitos&#8221; (Q.E.P.D.)"},"content":{"rendered":"\n<hr class=\"wp-block-separator aligncenter has-alpha-channel-opacity\"\/>\n\n\n\n<p>Falleci\u00f3 en CABA el 6 de febrero de 2025 a los 67 a\u00f1os. Sus hijas Yanel y Carla. Su hijo pol\u00edtico Gonzalo. Sus hermanos, familia y dem\u00e1s deudos participan su fallecimiento.<\/p>\n\n\n\n<p>Sus restos ser\u00e1n velados este viernes 7 de febrero de 08:00 a 16:00 horas en la Sala de Espa\u00f1a 2942 departamento \u201cC\u201d y cremados en el Crematorio Pinos de Paz, en d\u00eda y horario a confirmar. Servicio adherido a Coopelectric.<\/p>\n\n\n\n<p>Nacido en Olavarr\u00eda, vecino de barrio Jard\u00edn, jubilado.<\/p>\n","protected":false},"excerpt":{"rendered":"<p>Falleci\u00f3 en CABA el 6 de febrero de 2025 a los 67 a\u00f1os. Sus hijas Yanel y Carla. Su hijo<\/p>\n","protected":false},"author":2,"featured_media":100390,"comment_status":"closed","ping_status":"closed","sticky":false,"template":"","format":"standard","meta":{"_jetpack_memberships_contains_paid_content":false,"footnotes":""},"categories":[10],"tags":[],"class_list":["post-151208","post","type-post","status-publish","format-standard","has-post-thumbnail","hentry","category-necrologicas"],"jetpack_featured_media_url":"https:\/\/i0.wp.com\/cdnoticias.com\/wp-content\/uploads\/2023\/10\/necrologicas-390-x-240.jpg?fit=390%2C240&ssl=1","jetpack_sharing_enabled":true,"_links":{"self":[{"href":"https:\/\/cdnoticias.com\/index.php\/wp-json\/wp\/v2\/posts\/151208","targetHints":{"allow":["GET"]}}],"collection":[{"href":"https:\/\/cdnoticias.com\/index.php\/wp-json\/wp\/v2\/posts"}],"about":[{"href":"https:\/\/cdnoticias.com\/index.php\/wp-json\/wp\/v2\/types\/post"}],"author":[{"embeddable":true,"href":"https:\/\/cdnoticias.com\/index.php\/wp-json\/wp\/v2\/users\/2"}],"replies":[{"embeddable":true,"href":"https:\/\/cdnoticias.com\/index.php\/wp-json\/wp\/v2\/comments?post=151208"}],"version-history":[{"count":0,"href":"https:\/\/cdnoticias.com\/index.php\/wp-json\/wp\/v2\/posts\/151208\/revisions"}],"wp:featuredmedia":[{"embeddable":true,"href":"https:\/\/cdnoticias.com\/index.php\/wp-json\/wp\/v2\/media\/100390"}],"wp:attachment":[{"href":"https:\/\/cdnoticias.com\/index.php\/wp-json\/wp\/v2\/media?parent=151208"}],"wp:term":[{"taxonomy":"category","embeddable":true,"href":"https:\/\/cdnoticias.com\/index.php\/wp-json\/wp\/v2\/categories?post=151208"},{"taxonomy":"post_tag","embeddable":true,"href":"https:\/\/cdnoticias.com\/index.php\/wp-json\/wp\/v2\/tags?post=151208"}],"curies":[{"name":"wp","href":"https:\/\/api.w.org\/{rel}","templated":true}]}}