{"id":151185,"date":"2025-02-06T18:41:45","date_gmt":"2025-02-06T21:41:45","guid":{"rendered":"https:\/\/cdnoticias.com\/?p=151185"},"modified":"2025-02-06T18:41:49","modified_gmt":"2025-02-06T21:41:49","slug":"jueves-de-adopciones-fako-busca-una-familia","status":"publish","type":"post","link":"https:\/\/cdnoticias.com\/index.php\/2025\/02\/06\/jueves-de-adopciones-fako-busca-una-familia\/","title":{"rendered":"Jueves de adopciones: Fako busca una familia\u00a0"},"content":{"rendered":"\n<p>Es un perro macho, de aproximadamente dos a\u00f1os, trasladado al predio en enero del 2022, luego de ser hallado al borde de la ruta, cerca de dicho predio.<\/p>\n\n\n\n<hr class=\"wp-block-separator aligncenter has-alpha-channel-opacity\"\/>\n\n\n\n<p>En el marco de la campa\u00f1a municipal de <strong>difusi\u00f3n de animales en adopci\u00f3n<\/strong>, este jueves <strong>se da a conocer a Fako, un perro macho, de aproximadamente dos a\u00f1os,<\/strong> trasladado al predio<strong> en enero del 2022,<\/strong> luego de ser <strong>hallado al borde de la ruta, <\/strong>cerca de dicho predio.<\/p>\n\n\n\n<p><\/p>\n\n\n\n<p>Desde el \u00e1rea expresaron que \u201c<em>Es un perro activo, que le encanta jugar. Siente una atracci\u00f3n especial por los chicos, cuando nos han visitado de algunas instituciones, es el primero que se les acerca a pedir mimos, y saltarlos\u201d.<\/em><\/p>\n\n\n\n<p><\/p>\n\n\n\n<blockquote class=\"wp-block-quote is-layout-flow wp-block-quote-is-layout-flow\">\n<p>\u201cEs un perro completamente sano y joven, con un pelaje hermoso. Deseamos que pronto aparezca una familia, la cual pueda dedicarle el tiempo para pasear como a \u00e9l le gusta, ya que pasea perfectamente con pretal y correa. Es el compa\u00f1ero ideal de largas caminatas\u201d, sostuvieron desde Bromatolog\u00eda. <\/p>\n<\/blockquote>\n\n\n\n<p><\/p>\n\n\n\n<p>Asimismo, agregaron: \u201cFako fue encontrado corriendo por el medio de la ruta, sus horas eran contadas. Llegamos a tiempo, pero s<strong>ostenemos que el canil tampoco debe ser el lugar donde transcurra el resto de sus d\u00edas. Es muy joven, no se lo merece\u201d.<\/strong><\/p>\n\n\n\n<p><\/p>\n\n\n\n<p>Las personas interesadas en conocer a Fako pueden acercarse al predio de Bromatolog\u00eda (avenida Urquiza 5493), o bien comunicarse con el \u00e1rea por las redes oficiales del Municipio: Instagram: @olavarriamunicipio; Facebook: Municipio Partido de Olavarr\u00eda.<\/p>\n","protected":false},"excerpt":{"rendered":"<p>Es un perro macho, de aproximadamente dos a\u00f1os, trasladado al predio en enero del 2022, luego de ser hallado al<\/p>\n","protected":false},"author":6,"featured_media":151186,"comment_status":"closed","ping_status":"closed","sticky":false,"template":"","format":"standard","meta":{"_jetpack_memberships_contains_paid_content":false,"footnotes":""},"categories":[5,1],"tags":[],"class_list":["post-151185","post","type-post","status-publish","format-standard","has-post-thumbnail","hentry","category-informacion-general","category-portada"],"jetpack_featured_media_url":"https:\/\/i0.wp.com\/cdnoticias.com\/wp-content\/uploads\/2025\/02\/fako-adopcioness.png?fit=666%2C371&ssl=1","jetpack_sharing_enabled":true,"_links":{"self":[{"href":"https:\/\/cdnoticias.com\/index.php\/wp-json\/wp\/v2\/posts\/151185","targetHints":{"allow":["GET"]}}],"collection":[{"href":"https:\/\/cdnoticias.com\/index.php\/wp-json\/wp\/v2\/posts"}],"about":[{"href":"https:\/\/cdnoticias.com\/index.php\/wp-json\/wp\/v2\/types\/post"}],"author":[{"embeddable":true,"href":"https:\/\/cdnoticias.com\/index.php\/wp-json\/wp\/v2\/users\/6"}],"replies":[{"embeddable":true,"href":"https:\/\/cdnoticias.com\/index.php\/wp-json\/wp\/v2\/comments?post=151185"}],"version-history":[{"count":0,"href":"https:\/\/cdnoticias.com\/index.php\/wp-json\/wp\/v2\/posts\/151185\/revisions"}],"wp:featuredmedia":[{"embeddable":true,"href":"https:\/\/cdnoticias.com\/index.php\/wp-json\/wp\/v2\/media\/151186"}],"wp:attachment":[{"href":"https:\/\/cdnoticias.com\/index.php\/wp-json\/wp\/v2\/media?parent=151185"}],"wp:term":[{"taxonomy":"category","embeddable":true,"href":"https:\/\/cdnoticias.com\/index.php\/wp-json\/wp\/v2\/categories?post=151185"},{"taxonomy":"post_tag","embeddable":true,"href":"https:\/\/cdnoticias.com\/index.php\/wp-json\/wp\/v2\/tags?post=151185"}],"curies":[{"name":"wp","href":"https:\/\/api.w.org\/{rel}","templated":true}]}}