{"id":151183,"date":"2025-02-07T11:17:06","date_gmt":"2025-02-07T14:17:06","guid":{"rendered":"https:\/\/cdnoticias.com\/?p=151183"},"modified":"2025-02-07T11:17:11","modified_gmt":"2025-02-07T14:17:11","slug":"olavarria-en-verano-agenda-cultural-para-hacer-este-fin-de-semana","status":"publish","type":"post","link":"https:\/\/cdnoticias.com\/index.php\/2025\/02\/07\/olavarria-en-verano-agenda-cultural-para-hacer-este-fin-de-semana\/","title":{"rendered":"\u201cOlavarr\u00eda en Verano\u201d: agenda cultural para hacer este fin de semana\u00a0"},"content":{"rendered":"\n<p>Las propuestas culturales abarcan diferentes disciplinas y se estar\u00e1n desarrollando en los espacios municipales. M\u00fasica en vivo, cine, danza, talleres y mucho m\u00e1s. <\/p>\n\n\n\n<hr class=\"wp-block-separator aligncenter has-alpha-channel-opacity\"\/>\n\n\n\n<p>Con el objetivo de ofrecer a toda la comunidad del Partido <strong>diferentes propuestas art\u00edsticas y de encuentro, <\/strong>el Municipio coordin\u00f3 el programa denominado <strong>\u201cOlavarr\u00eda en Verano\u201d<\/strong>, que involucra la participaci\u00f3n de diferentes \u00e1reas municipales.<\/p>\n\n\n\n<p><\/p>\n\n\n\n<p>El objetivo es seguir promoviendo y facilitando a todas las personas el<strong> acceso a actividades culturales, recreativas y deportivas <\/strong>durante el receso estival. Las propuestas culturales <strong>abarcan diferentes disciplinas<\/strong> y se estar\u00e1n desarrollando en los espacios municipales.<\/p>\n\n\n\n<p><\/p>\n\n\n\n<p>Habr\u00e1<strong> m\u00fasica en vivo, cine, danza y talleres <\/strong>que se realizar\u00e1n en las escalinatas de la Casa del Bicentenario, en el patio del Centro Cultural San Jos\u00e9, en el Museo D\u00e1maso Arce, en el Paseo Jes\u00fas Mend\u00eda, en los Museos Municipales de los Pueblos, el Museo Municipal Hermanos Emiliozzi, y las Escuelas Municipales de Art\u00edstica.<\/p>\n\n\n\n<p><\/p>\n\n\n\n<p>La actividad culmina este fin de semana con una novedosa programaci\u00f3n, entre la cual se destaca <strong>\u201cM\u00fasica en las alturas\u201d en Cerro Largo, Sierras Bayas; <\/strong>y el cierre del programa en la <strong>Casa del Bicentenario con la Orquesta Sinf\u00f3nica Municipal <\/strong>\u201cMtro. Mario Patan\u00e9\u201d, \u201cFive O\u2019Clock\u201d y \u201cCaja Negra\u201d; junto a foodtrucks y cerveceros.<\/p>\n\n\n\n<p><\/p>\n\n\n\n<p><strong>Viernes 7 de febrero<\/strong><\/p>\n\n\n\n<ul class=\"wp-block-list\">\n<li>17:30 horas: Bioparque Municipal \u201cLa M\u00e1xima\u201d. Granja Educativa.<\/li>\n\n\n\n<li>18:00 horas: Ajedrez en la Casa del&nbsp; Bicentenario.<\/li>\n\n\n\n<li>18:00 horas. Centro Cultural de Sierras Bayas: Clase de folklore para adultos a cargo del profesor Juan Jos\u00e9 Rivas. Danzas a la carta (alumnos con conocimientos).<\/li>\n\n\n\n<li>19:00 horas: Centro Cultural San Jos\u00e9: Taller de maquillaje a cargo de la Murga Arrebatando L\u00e1grimas.<\/li>\n\n\n\n<li>Centro Cultural de Sierras Bayas: Clase abierta de folklore a cargo del profesor Juan Jos\u00e9 Rivas. Danzas de pe\u00f1as (alumnos con conocimientos).<\/li>\n\n\n\n<li>19:00 horas: Centro Cultural de Hinojo. Kundalini Yoga.<\/li>\n\n\n\n<li>19:00 horas: Plaza Aguado. Clase de Bachata.<\/li>\n\n\n\n<li>19:00 horas: Museo Hermanos Emiliozzi: \u201cBuscando a los Emiliozzi\u201d (taller para infancias de 5 a 10 a\u00f1os, sin inscripci\u00f3n previa cupo 15 por orden de llegada)<\/li>\n\n\n\n<li>19:30 horas: Museo de las Ciencias. Visita guiada de Megafauna (para todo p\u00fablico con entrada libre y gratuita).<\/li>\n\n\n\n<li>21:00 horas: Centro Cultural San Jos\u00e9: \u201cCine bajo las estrellas\u201d. Una propuesta programada por Sebasti\u00e1n Magallanes, director del Festival Latinoamericano de Cine de Olavarr\u00eda (FeLCO). En esta oportunidad se proyectar\u00e1 \u201cBlondi\u201d de la directora Dolores Fonzi.<\/li>\n<\/ul>\n\n\n\n<p><strong>&nbsp;S\u00e1bado 8 de febrero<\/strong><\/p>\n\n\n\n<ul class=\"wp-block-list\">\n<li>9:45 horas: Centro de Jubilados \u201cEntre las Sierras\u201d . Kundalini Yoga.<\/li>\n\n\n\n<li>18:00 horas: Ajedrez en el Museo de las Ciencias.<\/li>\n\n\n\n<li>18:00 horas: Cerro Largo: \u201cM\u00fasica en las alturas\u201d. Luciano Diorio, (cantante de Viajando a Mercurio) y \u201cV\u00e9rtigo\u201d, tributo a Soda Stereo.<\/li>\n\n\n\n<li>19:00 horas. Centro Cultural de Sierras Bayas. Ensayo de canto.<\/li>\n\n\n\n<li>19:30 horas: Centro Cultural San Jos\u00e9. \u201cM\u00fasica bajo las estrellas\u201d: presentaci\u00f3n de la Escuela Municipal de M\u00fasica \u00abHnos. Rossi\u00bb a trav\u00e9s de los ensambles \u201cLas rocker\u00edsticas\u201d, \u201cEnsamble de Saxos\u201d, \u201cEnsamble de Percusi\u00f3n, Canto, Ukelele\u201d y \u201cEnsamble de rock\u201d.<\/li>\n\n\n\n<li>20:00 horas: Museo Municipal de la Piedra \u201cEmma Occhi\u201d de Sierra Chica. Tardecita de Museo con artesanos, emprendedores, foodtrucks y m\u00fasica a cargo del grupo \u201cEl Arrebol\u201d.<\/li>\n<\/ul>\n\n\n\n<p><strong>Domingo 9 de febrero<\/strong><\/p>\n\n\n\n<ul class=\"wp-block-list\">\n<li>19:00 horas: Centro Cultural San Jos\u00e9: taller \u201cDibujando en familia\u201d.<\/li>\n\n\n\n<li>20:00 horas: Baile Popular en Sierras Bayas. Presentaci\u00f3n de \u201cQueso y Dulce\u201d en la Plaza 17 de Octubre.\u00a0<\/li>\n\n\n\n<li>21:00 horas: Casa del Bicentenario. Cierre del programa \u201cOlavarr\u00eda en Verano\u201d a cargo de la Orquesta Sinf\u00f3nica Municipal \u201cMtro. Mario Patan\u00e9\u201d junto a los grupos \u201cFive O\u2019Clock\u201d y \u201cCaja Negra\u201d. Habr\u00e1 foodtrucks y cerveceros.<\/li>\n<\/ul>\n","protected":false},"excerpt":{"rendered":"<p>Las propuestas culturales abarcan diferentes disciplinas y se estar\u00e1n desarrollando en los espacios municipales. M\u00fasica en vivo, cine, danza, talleres<\/p>\n","protected":false},"author":6,"featured_media":151040,"comment_status":"closed","ping_status":"closed","sticky":false,"template":"","format":"standard","meta":{"_jetpack_memberships_contains_paid_content":false,"footnotes":""},"categories":[9,1],"tags":[],"class_list":["post-151183","post","type-post","status-publish","format-standard","has-post-thumbnail","hentry","category-cultura","category-portada"],"jetpack_featured_media_url":"https:\/\/i0.wp.com\/cdnoticias.com\/wp-content\/uploads\/2025\/02\/agenda-cultural-olavarria-verano-genericas-2.png?fit=896%2C526&ssl=1","jetpack_sharing_enabled":true,"_links":{"self":[{"href":"https:\/\/cdnoticias.com\/index.php\/wp-json\/wp\/v2\/posts\/151183","targetHints":{"allow":["GET"]}}],"collection":[{"href":"https:\/\/cdnoticias.com\/index.php\/wp-json\/wp\/v2\/posts"}],"about":[{"href":"https:\/\/cdnoticias.com\/index.php\/wp-json\/wp\/v2\/types\/post"}],"author":[{"embeddable":true,"href":"https:\/\/cdnoticias.com\/index.php\/wp-json\/wp\/v2\/users\/6"}],"replies":[{"embeddable":true,"href":"https:\/\/cdnoticias.com\/index.php\/wp-json\/wp\/v2\/comments?post=151183"}],"version-history":[{"count":0,"href":"https:\/\/cdnoticias.com\/index.php\/wp-json\/wp\/v2\/posts\/151183\/revisions"}],"wp:featuredmedia":[{"embeddable":true,"href":"https:\/\/cdnoticias.com\/index.php\/wp-json\/wp\/v2\/media\/151040"}],"wp:attachment":[{"href":"https:\/\/cdnoticias.com\/index.php\/wp-json\/wp\/v2\/media?parent=151183"}],"wp:term":[{"taxonomy":"category","embeddable":true,"href":"https:\/\/cdnoticias.com\/index.php\/wp-json\/wp\/v2\/categories?post=151183"},{"taxonomy":"post_tag","embeddable":true,"href":"https:\/\/cdnoticias.com\/index.php\/wp-json\/wp\/v2\/tags?post=151183"}],"curies":[{"name":"wp","href":"https:\/\/api.w.org\/{rel}","templated":true}]}}