{"id":151178,"date":"2025-02-07T16:30:11","date_gmt":"2025-02-07T19:30:11","guid":{"rendered":"https:\/\/cdnoticias.com\/?p=151178"},"modified":"2025-02-07T16:30:15","modified_gmt":"2025-02-07T19:30:15","slug":"kicillof-si-el-presidente-quiere-colaborar-que-devuelva-la-plata-de-seguridad-que-le-robo-a-la-provincia","status":"publish","type":"post","link":"https:\/\/cdnoticias.com\/index.php\/2025\/02\/07\/kicillof-si-el-presidente-quiere-colaborar-que-devuelva-la-plata-de-seguridad-que-le-robo-a-la-provincia\/","title":{"rendered":"Kicillof: \u201cSi el Presidente quiere colaborar, que devuelva la plata de seguridad que le rob\u00f3 a la provincia\u201d"},"content":{"rendered":"\n<p>En respuesta a declaraciones y publicaciones del gobierno nacional sobre los hechos de inseguridad en la provincia, el mandatario bonaerense exigi\u00f3 que Naci\u00f3n devuelva el Fondo de Seguridad.<\/p>\n\n\n\n<hr class=\"wp-block-separator aligncenter has-alpha-channel-opacity\"\/>\n\n\n\n<p>El <strong>gobernador Axel Kicillof acus\u00f3 al gobierno de Javier Milei de intentar \u201chacer campa\u00f1a con la inseguridad\u201d,<\/strong> luego de la serie de declaraciones y publicaciones desde Casa Rosada sobre los <strong>delitos ocurridos en la provincia de Buenos Aires.<\/strong> Adem\u00e1s, advirti\u00f3 que \u201c<strong>no vale todo por un voto\u201d.<\/strong><\/p>\n\n\n\n<p><\/p>\n\n\n\n<p><strong>\u201cSi Milei quiere colaborar, que devuelva la plata de seguridad que le rob\u00f3 a la provincia\u201d,<\/strong> exigi\u00f3 Kicillof durante una entrevista en el canal C5N, refiri\u00e9ndose a los <strong>m\u00e1s de $700.000 millones del Fondo de Seguridad que el gobierno nacional decidi\u00f3 eliminar.\u00a0<\/strong><\/p>\n\n\n\n<p><\/p>\n\n\n\n<blockquote class=\"wp-block-quote is-layout-flow wp-block-quote-is-layout-flow\">\n<p>El mandatario provincial detall\u00f3 que, hasta el momento, existen cinco causas en la Corte Suprema para exigir la devoluci\u00f3n de los fondos. \u201cSon 10 mil patrulleros\u201d, dijo.<\/p>\n<\/blockquote>\n\n\n\n<p><\/p>\n\n\n\n<p>\u201c<strong><em>\u00bfC\u00f3mo se va a poder mejorar la seguridad sin comprar patrulleros ni pag\u00e1ndoles mejor a los polic\u00edas? Si nos sacan los fondos, si no hacen lo que tienen que hacer\u2026 A la vez, tienen un discurso que promueve la violencia y generan una crisis social y econ\u00f3mica\u2026 Es muy dif\u00edcil\u201d,<\/em><\/strong> expres\u00f3.\u00a0<\/p>\n\n\n\n<p><\/p>\n\n\n\n<p>No obstante, respecto de declaraciones recientes de la ministra de Seguridad, Patricia Bullrich, que sostuvo que el \u00faltimo a\u00f1o fue el de menor tasa de homicidios, Kicillof se\u00f1al\u00f3 que los n\u00fameros de la tasa nacional se redujeron porque tambi\u00e9n bajaron las estad\u00edsticas en la provincia.<\/p>\n\n\n\n<p><\/p>\n\n\n\n<p>Por otro lado, el exministro de Econom\u00eda record\u00f3 al Gobierno que varios temas federales, como el narcotr\u00e1fico, son de su competencia. \u201cYo no quiero que llegue a la Provincia de Buenos Aires un gramo de merca, y esto es todo federal.\u00a0Las fronteras no son nuestras, son 1.500 kil\u00f3metros. Vamos a colaborar en todo lo que podamos, pero muchos de los delitos que est\u00e1n ocurriendo tienen que ver con la droga\u201d, aclar\u00f3.<\/p>\n\n\n\n<p><\/p>\n\n\n\n<p>\u201c<strong><em>Nosotros lo que podemos hacer es ir a buscar los puntos de venta y reventarlos, pero se necesita la orden de un juez para un allanamiento. Despu\u00e9s dicen que Kicillof suelta presos. No, ni suelto ni meto preso a nadie, porque eso le corresponde a la Justicia\u201d<\/em><\/strong>, explic\u00f3.<\/p>\n\n\n\n<p><\/p>\n\n\n\n<p>Por \u00faltimo, mostr\u00f3 su indignaci\u00f3n por la publicaci\u00f3n realizada por el Presidente en la red X tras el<strong> asesinato del repartidor Lucas Aguilar<\/strong>, ocurrido en la localidad de Moreno.\u00a0<\/p>\n\n\n\n<p><\/p>\n\n\n\n<p>\u201cYo no dir\u00eda que se adelant\u00f3 la campa\u00f1a, porque ni siquiera sabemos si va a haber PASO.<strong> Hay mucho marketing y golpes bajos.<\/strong> No deber\u00eda sorprender. Se conocieron varios casos de homicidio y<strong> ellos est\u00e1n haciendo su campa\u00f1a electoral con eso\u201d<\/strong>, expres\u00f3.<\/p>\n\n\n\n<p><\/p>\n\n\n\n<blockquote class=\"wp-block-quote is-layout-flow wp-block-quote-is-layout-flow\">\n<p>\u201cTrabajo todos los d\u00edas pero no estamos conformes. Esto se soluciona con inversi\u00f3n, no con campa\u00f1a. La motosierra es absolutamente incompatible con la inversi\u00f3n en seguridad y el Gobierno dice que nada tiene que ver con nada. Milei ayuda pero no se trata de ayudar o no ayudar. Necesitamos que se haga cargo de sus responsabilidades\u201d se\u00f1al\u00f3 el gobernador.\u00a0<\/p>\n<\/blockquote>\n\n\n\n<p><\/p>\n\n\n\n<p>\u201c<em><strong>Lo que est\u00e1 faltando de parte de ellos es respeto por las v\u00edctimas, por sus familias. No hay que agravar cuestiones que ya son dolorosas. Creo que se sobregiraron. No vale todo por un voto<\/strong><\/em>\u201d agreg\u00f3.\u00a0<\/p>\n\n\n\n<p><\/p>\n\n\n\n<p>A prop\u00f3sito, se\u00f1al\u00f3 que algunas \u00e1reas de la econom\u00eda \u201cse est\u00e1n favoreciendo mucho con las pol\u00edticas\u201d de Milei. \u201cHa hecho la pol\u00edtica tributaria m\u00e1s regresiva que se puede hacer, porque<strong> les perdona impuestos a los ricos y se los pone a los laburantes. <\/strong>Entonces, las condiciones de vida de nuestra sociedad se van deteriorando. Obviamente, el v\u00ednculo social y la violencia tienen que ver con esto\u201d, cerr\u00f3.\u00a0<\/p>\n\n\n\n<p><\/p>\n\n\n\n<p><em>Fuente: DIB<\/em><\/p>\n","protected":false},"excerpt":{"rendered":"<p>En respuesta a declaraciones y publicaciones del gobierno nacional sobre los hechos de inseguridad en la provincia, el mandatario bonaerense<\/p>\n","protected":false},"author":6,"featured_media":121847,"comment_status":"closed","ping_status":"closed","sticky":false,"template":"","format":"standard","meta":{"_jetpack_memberships_contains_paid_content":false,"footnotes":""},"categories":[6,1],"tags":[],"class_list":["post-151178","post","type-post","status-publish","format-standard","has-post-thumbnail","hentry","category-nacionales","category-portada"],"jetpack_featured_media_url":"https:\/\/i0.wp.com\/cdnoticias.com\/wp-content\/uploads\/2024\/07\/axel-kicillof.jpg?fit=1000%2C556&ssl=1","jetpack_sharing_enabled":true,"_links":{"self":[{"href":"https:\/\/cdnoticias.com\/index.php\/wp-json\/wp\/v2\/posts\/151178","targetHints":{"allow":["GET"]}}],"collection":[{"href":"https:\/\/cdnoticias.com\/index.php\/wp-json\/wp\/v2\/posts"}],"about":[{"href":"https:\/\/cdnoticias.com\/index.php\/wp-json\/wp\/v2\/types\/post"}],"author":[{"embeddable":true,"href":"https:\/\/cdnoticias.com\/index.php\/wp-json\/wp\/v2\/users\/6"}],"replies":[{"embeddable":true,"href":"https:\/\/cdnoticias.com\/index.php\/wp-json\/wp\/v2\/comments?post=151178"}],"version-history":[{"count":0,"href":"https:\/\/cdnoticias.com\/index.php\/wp-json\/wp\/v2\/posts\/151178\/revisions"}],"wp:featuredmedia":[{"embeddable":true,"href":"https:\/\/cdnoticias.com\/index.php\/wp-json\/wp\/v2\/media\/121847"}],"wp:attachment":[{"href":"https:\/\/cdnoticias.com\/index.php\/wp-json\/wp\/v2\/media?parent=151178"}],"wp:term":[{"taxonomy":"category","embeddable":true,"href":"https:\/\/cdnoticias.com\/index.php\/wp-json\/wp\/v2\/categories?post=151178"},{"taxonomy":"post_tag","embeddable":true,"href":"https:\/\/cdnoticias.com\/index.php\/wp-json\/wp\/v2\/tags?post=151178"}],"curies":[{"name":"wp","href":"https:\/\/api.w.org\/{rel}","templated":true}]}}