{"id":151173,"date":"2025-02-06T17:07:32","date_gmt":"2025-02-06T20:07:32","guid":{"rendered":"https:\/\/cdnoticias.com\/?p=151173"},"modified":"2025-02-06T20:24:05","modified_gmt":"2025-02-06T23:24:05","slug":"vuelta-al-cole-la-canasta-escolar-aumento-entre-un-44-y-un-57","status":"publish","type":"post","link":"https:\/\/cdnoticias.com\/index.php\/2025\/02\/06\/vuelta-al-cole-la-canasta-escolar-aumento-entre-un-44-y-un-57\/","title":{"rendered":"Vuelta al cole: la canasta escolar aument\u00f3 entre un 44% y un 57%\u00a0"},"content":{"rendered":"\n<p>El detalle surgi\u00f3 de un informe de la consultora Focus Market para el Blog de Educaci\u00f3n Financiera de Naranja X.<\/p>\n\n\n\n<hr class=\"wp-block-separator aligncenter has-alpha-channel-opacity\"\/>\n\n\n\n<p>A <strong>poco menos de un mes del inicio de clases,<\/strong> un informe de la consultora Focus Market para el Blog de Educaci\u00f3n Financiera de Naranja X que muestra la evoluci\u00f3n de precios de los elementos b\u00e1sicos necesarios para volver a las aulas, determin\u00f3 que <strong>la canasta escolar costar\u00e1 este a\u00f1o un 44% m\u00e1s y que las familias no han podido realizar compras con antelaci\u00f3n, <\/strong>sino que<strong> concretar\u00e1n los gastos a \u00faltimo momento.\u00a0\u00a0<\/strong><\/p>\n\n\n\n<p><\/p>\n\n\n\n<p>El relevamiento de Focus Market se realiz\u00f3 sobre<strong> tres \u201ccombos\u201d con los \u00fatiles b\u00e1sicos escolares necesarios,<\/strong> con alguna variante: una canasta conformada por una mochila con tiras y 20 \u00fatiles escolares; otra que suma un guardapolvo y una cartuchera b\u00e1sica; y una tercera, que incluye una mochila carro y una cartuchera de dos pisos.<\/p>\n\n\n\n<p><\/p>\n\n\n\n<blockquote class=\"wp-block-quote is-layout-flow wp-block-quote-is-layout-flow\">\n<p>El primer combo, el b\u00e1sico, alcanz\u00f3 un valor de $56.265, representando un aumento del 44% con respecto a los mismos productos que en el a\u00f1o 2024 sumaban $38.999.<\/p>\n<\/blockquote>\n\n\n\n<p><\/p>\n\n\n\n<p>El segundo, con el <strong>agregado de un guardapolvo <\/strong>unisex de primera marca \u2013 precio promedio $33.57 -, y de una cartuchera b\u00e1sica ($11.050) trep\u00f3 a un valor de <strong>$100.890, <\/strong>un 39% m\u00e1s que en 2024, que ascend\u00eda a $72.449.<\/p>\n\n\n\n<p><\/p>\n\n\n\n<p>El tercero, con la <strong>mochila carrito y luz led y una cartuchera de 2 pisos<\/strong>, <strong>alcanz\u00f3 los $232.714,<\/strong> con un aumento interanual del 26% con respecto al a\u00f1o anterior, que ten\u00eda un valor de $185.163.<\/p>\n\n\n\n<p><\/p>\n\n\n\n<h2 class=\"wp-block-heading\"><strong>Compras en febrero y marzo<\/strong><\/h2>\n\n\n\n<p>Respecto a la conducta de las familias para stockearse de \u00fatiles, el relevamiento subray\u00f3 que <strong>\u201cel a\u00f1o pasado las compras se adelantaron en diciembre para evitar aumentos de precios, mientras que este a\u00f1o s\u00f3lo 1 de cada 10 argentinos efectuaron sus compras el a\u00f1o pasado\u201d.<\/strong>\u00a0<\/p>\n\n\n\n<p><\/p>\n\n\n\n<blockquote class=\"wp-block-quote is-layout-flow wp-block-quote-is-layout-flow\">\n<p>As\u00ed, 4 de cada 10 argentinos realizar\u00e1n las compras durante el mes de febrero y 2 de cada 10 argentinos una semana antes del inicio de clases.\u00a0<\/p>\n<\/blockquote>\n\n\n\n<p><\/p>\n\n\n\n<p><strong><em>\u201cLas decisiones de las compras se postergan hasta \u00faltimo momento a diferencia de a\u00f1os anteriores\u201d, <\/em><\/strong>indic\u00f3 Dami\u00e1n Di Pace, director de la Consultora Focus Market.<\/p>\n\n\n\n<p><\/p>\n\n\n\n<p>De acuerdo al informe, para el caso de <strong>indumentaria y el calzado<\/strong>, mientras el \u00edndice de precios cerr\u00f3 el a\u00f1o pasado en 84,5% de aumento promedio, en el caso de los productos espec\u00edficos para el rubro escolar como guardapolvo, <strong>\u201clos incrementos interanuales quedaron por debajo del promedio, incluso con fuertes promociones y descuentos\u201d.<\/strong><\/p>\n\n\n\n<p><\/p>\n\n\n\n<p>De igual modo, al haberse modificado el ciclo de las compras, \u201c<strong>hay alto stock en dep\u00f3sitos de fabricantes, mayoristas e importadores de \u00fatiles escolares\u201d.\u00a0<\/strong><\/p>\n\n\n\n<p><\/p>\n\n\n\n<blockquote class=\"wp-block-quote is-layout-flow wp-block-quote-is-layout-flow\">\n<p>Esta situaci\u00f3n no permite un incremento de precios ante una demanda que \u201cposterga sus compras hasta \u00faltimo momento y exige al mercado competencia v\u00eda promociones y ofertas para atraerla y tomar una decisi\u00f3n para la adquisici\u00f3n de estos bienes\u201d.<\/p>\n<\/blockquote>\n\n\n\n<p><\/p>\n\n\n\n<p>El relevamiento considera asimismo la importaci\u00f3n hormiga a trav\u00e9s de compras en el exterior y pa\u00edses lim\u00edtrofes, <em>\u201cque incide en t\u00e9rminos relativos, ya que si bien es un fen\u00f3meno real y existente no modifica el volumen de demanda en el mercado estacional local\u201d<\/em>, detall\u00f3 Di Pace.<\/p>\n\n\n\n<p><\/p>\n\n\n\n<p>Asimismo, la consultora tambi\u00e9n realiz\u00f3 un<strong> relevamiento de los \u00fatiles escolares b\u00e1sicos para los estudiantes de secundaria, <\/strong>que consta de 28 productos y <strong>suman un total de $54.415,<\/strong> representando un aumento interanual del 57% (en 2024 $34.695).<\/p>\n\n\n\n<p><\/p>\n\n\n\n<p>Esta canasta integra: 2 bol\u00edgrafos azules, 4 bol\u00edgrafos de colores, 2 bol\u00edgrafos negros, 1 bol\u00edgrafo roller, una carpeta con solapa color, 1 cuaderno espiral rayado por 84 hojas de 29,7 cm x 21 cm, 1 cuaderno espiral cuadriculado por 84 hojas de 29,7 cm x 21 cm, 2 gomas tinta l\u00e1piz, un corrector, un l\u00e1piz portaminas, minas 2 mm por 6, regla transparente 20 cm, 4 resaltadores gruesos pastel, 2 resaltadores pastel finos, 1 sacapuntas metal, 1 set de microfibras colores surtidos x 6, tijera 17 cm, voligoma 30 ml.&nbsp;<\/p>\n\n\n\n<p><\/p>\n\n\n\n<p><em>Fuente: DIB\u00a0<\/em><\/p>\n","protected":false},"excerpt":{"rendered":"<p>El detalle surgi\u00f3 de un informe de la consultora Focus Market para el Blog de Educaci\u00f3n Financiera de Naranja X.<\/p>\n","protected":false},"author":6,"featured_media":151174,"comment_status":"closed","ping_status":"closed","sticky":false,"template":"","format":"standard","meta":{"_jetpack_memberships_contains_paid_content":false,"footnotes":""},"categories":[6,1],"tags":[],"class_list":["post-151173","post","type-post","status-publish","format-standard","has-post-thumbnail","hentry","category-nacionales","category-portada"],"jetpack_featured_media_url":"https:\/\/i0.wp.com\/cdnoticias.com\/wp-content\/uploads\/2025\/02\/canasta-escolar-foto-.jpg?fit=900%2C536&ssl=1","jetpack_sharing_enabled":true,"_links":{"self":[{"href":"https:\/\/cdnoticias.com\/index.php\/wp-json\/wp\/v2\/posts\/151173","targetHints":{"allow":["GET"]}}],"collection":[{"href":"https:\/\/cdnoticias.com\/index.php\/wp-json\/wp\/v2\/posts"}],"about":[{"href":"https:\/\/cdnoticias.com\/index.php\/wp-json\/wp\/v2\/types\/post"}],"author":[{"embeddable":true,"href":"https:\/\/cdnoticias.com\/index.php\/wp-json\/wp\/v2\/users\/6"}],"replies":[{"embeddable":true,"href":"https:\/\/cdnoticias.com\/index.php\/wp-json\/wp\/v2\/comments?post=151173"}],"version-history":[{"count":0,"href":"https:\/\/cdnoticias.com\/index.php\/wp-json\/wp\/v2\/posts\/151173\/revisions"}],"wp:featuredmedia":[{"embeddable":true,"href":"https:\/\/cdnoticias.com\/index.php\/wp-json\/wp\/v2\/media\/151174"}],"wp:attachment":[{"href":"https:\/\/cdnoticias.com\/index.php\/wp-json\/wp\/v2\/media?parent=151173"}],"wp:term":[{"taxonomy":"category","embeddable":true,"href":"https:\/\/cdnoticias.com\/index.php\/wp-json\/wp\/v2\/categories?post=151173"},{"taxonomy":"post_tag","embeddable":true,"href":"https:\/\/cdnoticias.com\/index.php\/wp-json\/wp\/v2\/tags?post=151173"}],"curies":[{"name":"wp","href":"https:\/\/api.w.org\/{rel}","templated":true}]}}