{"id":151145,"date":"2025-02-06T10:41:19","date_gmt":"2025-02-06T13:41:19","guid":{"rendered":"https:\/\/cdnoticias.com\/?p=151145"},"modified":"2025-02-06T10:41:22","modified_gmt":"2025-02-06T13:41:22","slug":"facultad-de-salud-la-salud-global-no-es-ideologia-es-un-derecho-humano-esencial","status":"publish","type":"post","link":"https:\/\/cdnoticias.com\/index.php\/2025\/02\/06\/facultad-de-salud-la-salud-global-no-es-ideologia-es-un-derecho-humano-esencial\/","title":{"rendered":"Facultad de Salud: \u201cLa salud global no es ideolog\u00eda, es un derecho humano esencial\u201d"},"content":{"rendered":"\n<p>La casa de estudios emiti\u00f3 un comunicado en el que manifest\u00f3 un rechazo a la salida de Argentina de la OMS. \u201cEs un error estrat\u00e9gico con graves consecuencias para la salud p\u00fablica del pa\u00eds\u201d.<\/p>\n\n\n\n<hr class=\"wp-block-separator aligncenter has-alpha-channel-opacity\"\/>\n\n\n\n<p>Tras la<strong> decisi\u00f3n del gobierno de Milei de retirar a Argentina de la Organizaci\u00f3n Mundial de la Salud (OMS) la Facultad de Ciencias de la Salud de Unicen emiti\u00f3 un comunicado en el que expresa su rechazo a la decisi\u00f3n<\/strong>, catalogado como<em> \u201cun error estrat\u00e9gico con graves consecuencias para la salud p\u00fablica\u201d.<\/em><\/p>\n\n\n\n<p>Titulado como<em><strong> \u201cLa salud global no es ideolog\u00eda, es un derecho humano esencial\u201d,<\/strong><\/em> la casa de estudios de Olavarr\u00eda se expres\u00f3 sobre <em>\u201cla reciente declaraci\u00f3n sobre la decisi\u00f3n del gobierno argentino de iniciar el proceso de retiro de la Organizaci\u00f3n Mundial de la Salud (OMS)\u201d<\/em><\/p>\n\n\n\n<p>Fue catalogada como <em><strong>\u201cun error estrat\u00e9gico con graves consecuencias para la salud p\u00fablica del pa\u00eds. M\u00e1s all\u00e1 de cualquier consideraci\u00f3n pol\u00edtica, la OMS es el principal organismo internacional encargado de coordinar respuestas ante emergencias sanitarias, establecer est\u00e1ndares en salud y facilitar el acceso a insumos cr\u00edticos para los pa\u00edses miembros\u201d.<\/strong><\/em><\/p>\n\n\n\n<blockquote class=\"wp-block-quote is-layout-flow wp-block-quote-is-layout-flow\">\n<p>\u201cPara una naci\u00f3n como Argentina, con desaf\u00edos estructurales en su sistema sanitario y una poblaci\u00f3n que requiere respuestas basadas en evidencia cient\u00edfica y cooperaci\u00f3n internacional, esta decisi\u00f3n implica un retroceso que puede afectar el acceso a vacunas, medicamentos, asistencia t\u00e9cnica y equipamiento fundamental. Adem\u00e1s, debilita nuestra capacidad de respuesta ante futuras pandemias y crisis sanitarias, en un mundo donde las amenazas a la salud no conocen fronteras\u201d.<\/p>\n<\/blockquote>\n\n\n\n<p>Explicaron que formar parte de la OMS, entre otras cosas, permite:<\/p>\n\n\n\n<p>* Acceder a cooperaci\u00f3n t\u00e9cnica para fortalecer programas de salud p\u00fablica en el pa\u00eds.<\/p>\n\n\n\n<p>* Garantizar la participaci\u00f3n en redes de alerta temprana para epidemias y brotes.<\/p>\n\n\n\n<p>* Tener voz en la toma de decisiones globales sobre salud, en lugar de quedar relegados a depender de acuerdos bilaterales inciertos.<\/p>\n\n\n\n<p>* Continuar con el acceso a insumos cr\u00edticos esenciales, incluyendo medicamentos de alto costo y vacunas.<\/p>\n\n\n\n<p>* Facilitar el acceso a tecnolog\u00eda m\u00e9dica y equipamiento sanitario, fundamental para un pa\u00eds con capacidad limitada de producci\u00f3n propia en este \u00e1mbito.<\/p>\n\n\n\n<p>El comunicado a\u00f1adi\u00f3 que<em> \u201cArgentina ha sido hist\u00f3ricamente un actor comprometido con la salud global, promoviendo pol\u00edticas de acceso universal y colaborando en foros internacionales para el fortalecimiento de los sistemas sanitarios. <strong>Abandonar la OMS nos aislar\u00eda de estos espacios y pondr\u00eda en riesgo la capacidad del pa\u00eds de responder con eficacia a los desaf\u00edos sanitarios del futuro\u201d.<\/strong><\/em><\/p>\n\n\n\n<p><em><strong>\u201cEl cuidado de la salud de la poblaci\u00f3n debe estar por encima de cualquier disputa ideol\u00f3gica. No podemos darnos el lujo de retroceder\u201d <\/strong><\/em>cerraron.<\/p>\n","protected":false},"excerpt":{"rendered":"<p>La casa de estudios emiti\u00f3 un comunicado en el que manifest\u00f3 un rechazo a la salida de Argentina de la<\/p>\n","protected":false},"author":2,"featured_media":1085,"comment_status":"closed","ping_status":"closed","sticky":false,"template":"","format":"standard","meta":{"_jetpack_memberships_contains_paid_content":false,"footnotes":""},"categories":[4,1],"tags":[],"class_list":["post-151145","post","type-post","status-publish","format-standard","has-post-thumbnail","hentry","category-politica","category-portada"],"jetpack_featured_media_url":"https:\/\/i0.wp.com\/cdnoticias.com\/wp-content\/uploads\/2020\/09\/WhatsApp-Image-2020-09-08-at-19.08.01.jpeg?fit=868%2C653&ssl=1","jetpack_sharing_enabled":true,"_links":{"self":[{"href":"https:\/\/cdnoticias.com\/index.php\/wp-json\/wp\/v2\/posts\/151145","targetHints":{"allow":["GET"]}}],"collection":[{"href":"https:\/\/cdnoticias.com\/index.php\/wp-json\/wp\/v2\/posts"}],"about":[{"href":"https:\/\/cdnoticias.com\/index.php\/wp-json\/wp\/v2\/types\/post"}],"author":[{"embeddable":true,"href":"https:\/\/cdnoticias.com\/index.php\/wp-json\/wp\/v2\/users\/2"}],"replies":[{"embeddable":true,"href":"https:\/\/cdnoticias.com\/index.php\/wp-json\/wp\/v2\/comments?post=151145"}],"version-history":[{"count":0,"href":"https:\/\/cdnoticias.com\/index.php\/wp-json\/wp\/v2\/posts\/151145\/revisions"}],"wp:featuredmedia":[{"embeddable":true,"href":"https:\/\/cdnoticias.com\/index.php\/wp-json\/wp\/v2\/media\/1085"}],"wp:attachment":[{"href":"https:\/\/cdnoticias.com\/index.php\/wp-json\/wp\/v2\/media?parent=151145"}],"wp:term":[{"taxonomy":"category","embeddable":true,"href":"https:\/\/cdnoticias.com\/index.php\/wp-json\/wp\/v2\/categories?post=151145"},{"taxonomy":"post_tag","embeddable":true,"href":"https:\/\/cdnoticias.com\/index.php\/wp-json\/wp\/v2\/tags?post=151145"}],"curies":[{"name":"wp","href":"https:\/\/api.w.org\/{rel}","templated":true}]}}