{"id":151141,"date":"2025-02-06T09:48:25","date_gmt":"2025-02-06T12:48:25","guid":{"rendered":"https:\/\/cdnoticias.com\/?p=151141"},"modified":"2025-02-06T12:19:40","modified_gmt":"2025-02-06T15:19:40","slug":"guillermo-lascano-sobre-la-denuncia-a-celeste-arouxet-las-cosas-ponen-a-cada-uno-en-su-lugar","status":"publish","type":"post","link":"https:\/\/cdnoticias.com\/index.php\/2025\/02\/06\/guillermo-lascano-sobre-la-denuncia-a-celeste-arouxet-las-cosas-ponen-a-cada-uno-en-su-lugar\/","title":{"rendered":"Guillermo Lascano sobre la denuncia a Celeste Arouxet: \u201clas cosas ponen a cada uno en su lugar\u201d"},"content":{"rendered":"\n<p>El funcionario de PAMI hizo referencia a la denuncia que recibi\u00f3 la referente de La Libertad Avanza por violencia familiar. \u201cLa sociedad va a tener mayor informaci\u00f3n, como para poder tener una opini\u00f3n formada de qu\u00e9 es verdad y qu\u00e9 es mentira\u201d dijo.<\/p>\n\n\n\n<hr class=\"wp-block-separator aligncenter has-alpha-channel-opacity\"\/>\n\n\n\n<p>El titular de PAMI local, Guillermo<strong> Lascano, se refiri\u00f3 p\u00fablicamente a la situaci\u00f3n de Celeste Arouxet luego de que se conociera una denuncia en su contra por violencia familiar.<\/strong><\/p>\n\n\n\n<p>Lo hizo en di\u00e1logo con Mart\u00edn Rodr\u00edguez (Radio Olavarr\u00eda). Al ser consultado, sostuvo que <em><strong>\u201cvivi\u00f3 un mal momento, que ya pas\u00f3 y que es su vida personal\u201d.<\/strong><\/em><\/p>\n\n\n\n<p>Lascano expres\u00f3 su respaldo a Arouxet y afirm\u00f3: <em>\u201cConf\u00edo mucho en ella, en lo que me ha contado hasta el momento en su situaci\u00f3n\u201d.<\/em> Adem\u00e1s, consider\u00f3 que con el tiempo se esclarecer\u00e1n los hechos: <em><strong>\u201cCreo que con el correr del tiempo, las cosas ponen a cada uno en su lugar y, obviamente, la sociedad va a tener mayor informaci\u00f3n, como para poder tener una opini\u00f3n formada de qu\u00e9 es verdad y qu\u00e9 es mentira\u201d.<\/strong><\/em><\/p>\n\n\n\n<p>Ante la posibilidad de que la denuncia tenga repercusiones en su actividad p\u00fablica, respondi\u00f3: <em><strong>\u201cLa verdad que no s\u00e9 en qu\u00e9 puede repercutir, desconozco\u201d.<\/strong><\/em><\/p>\n\n\n\n<p class=\"has-large-font-size\">La denuncia<\/p>\n\n\n\n<p>Cabe recordar que a finales del a\u00f1o pasado<strong> un hombre que manten\u00eda una relaci\u00f3n de pareja con Celeste Arouxet present\u00f3 una denuncia policial en contra de la concejala en uso de licencia.<\/strong> La presentaci\u00f3n policial se concret\u00f3 el 30 de diciembre pasado a las 23.56 horas en la sede de la Comisar\u00eda de la Mujer y la Familia.<\/p>\n\n\n\n<p>La denuncia policial, posteriormente<strong>, deriv\u00f3 en un expediente judicial que ahora tramita en un Juzgado de Familia de Olavarr\u00eda.<\/strong><\/p>\n\n\n\n<p>A finales de enero el medio provincial <strong>RealPolitk<\/strong> public\u00f3 el contenido de la exposici\u00f3n que realiz\u00f3 este hombre y adem\u00e1s revel\u00f3 la existencia de medidas cautelares dictadas por la Justicia.<\/p>\n\n\n\n<p><strong>Celeste Arouxet, una vez difundida la noticia, s\u00f3lo se limit\u00f3 a hablar con la periodista Claudia Bilbao (Desayuno con Noticias \u2013 RadioM) y si bien no dio cuenta de la denuncia aclar\u00f3 que ella accionar\u00eda contra quienes la dieron a conocer p\u00fablicamente. <\/strong>En ese contacto con Claudia Bilbao ni confirm\u00f3 ni desminti\u00f3 la existencia de la denuncia.<\/p>\n\n\n\n<p><em>Con informaci\u00f3n de En L\u00ednea Noticias<\/em><\/p>\n","protected":false},"excerpt":{"rendered":"<p>El funcionario de PAMI hizo referencia a la denuncia que recibi\u00f3 la referente de La Libertad Avanza por violencia familiar.<\/p>\n","protected":false},"author":2,"featured_media":79156,"comment_status":"closed","ping_status":"closed","sticky":false,"template":"","format":"standard","meta":{"_jetpack_memberships_contains_paid_content":false,"footnotes":""},"categories":[4,1],"tags":[],"class_list":["post-151141","post","type-post","status-publish","format-standard","has-post-thumbnail","hentry","category-politica","category-portada"],"jetpack_featured_media_url":"https:\/\/i0.wp.com\/cdnoticias.com\/wp-content\/uploads\/2023\/03\/arouxet-lascano-02-scaled.jpg?fit=2560%2C1424&ssl=1","jetpack_sharing_enabled":true,"_links":{"self":[{"href":"https:\/\/cdnoticias.com\/index.php\/wp-json\/wp\/v2\/posts\/151141","targetHints":{"allow":["GET"]}}],"collection":[{"href":"https:\/\/cdnoticias.com\/index.php\/wp-json\/wp\/v2\/posts"}],"about":[{"href":"https:\/\/cdnoticias.com\/index.php\/wp-json\/wp\/v2\/types\/post"}],"author":[{"embeddable":true,"href":"https:\/\/cdnoticias.com\/index.php\/wp-json\/wp\/v2\/users\/2"}],"replies":[{"embeddable":true,"href":"https:\/\/cdnoticias.com\/index.php\/wp-json\/wp\/v2\/comments?post=151141"}],"version-history":[{"count":0,"href":"https:\/\/cdnoticias.com\/index.php\/wp-json\/wp\/v2\/posts\/151141\/revisions"}],"wp:featuredmedia":[{"embeddable":true,"href":"https:\/\/cdnoticias.com\/index.php\/wp-json\/wp\/v2\/media\/79156"}],"wp:attachment":[{"href":"https:\/\/cdnoticias.com\/index.php\/wp-json\/wp\/v2\/media?parent=151141"}],"wp:term":[{"taxonomy":"category","embeddable":true,"href":"https:\/\/cdnoticias.com\/index.php\/wp-json\/wp\/v2\/categories?post=151141"},{"taxonomy":"post_tag","embeddable":true,"href":"https:\/\/cdnoticias.com\/index.php\/wp-json\/wp\/v2\/tags?post=151141"}],"curies":[{"name":"wp","href":"https:\/\/api.w.org\/{rel}","templated":true}]}}