{"id":151138,"date":"2025-02-06T09:12:03","date_gmt":"2025-02-06T12:12:03","guid":{"rendered":"https:\/\/cdnoticias.com\/?p=151138"},"modified":"2025-02-06T09:12:10","modified_gmt":"2025-02-06T12:12:10","slug":"el-debate-post-marcha-del-orgullo-antifascista-y-antirracista-en-el-momento-central-de-la-semana","status":"publish","type":"post","link":"https:\/\/cdnoticias.com\/index.php\/2025\/02\/06\/el-debate-post-marcha-del-orgullo-antifascista-y-antirracista-en-el-momento-central-de-la-semana\/","title":{"rendered":"El debate post Marcha del Orgullo antifascista y antirracista en el Momento Central de la semana"},"content":{"rendered":"\n<p>El an\u00e1lisis en \u201cEn Acci\u00f3n\u201d programa de Georgina M\u00fcller ya est\u00e1 disponible para escuchar on demand.<\/p>\n\n\n\n<hr class=\"wp-block-separator aligncenter has-alpha-channel-opacity\"\/>\n\n\n\n<p><strong>\u00bfQu\u00e9 alcances tuvo la importante movilizaci\u00f3n de grupos LGBTIQ+ en Olavarr\u00eda? <\/strong>\u00bfPor qu\u00e9 se debaten estos temas? Los dichos de Milei, y un contexto del que nadie debe quedar exento.<\/p>\n\n\n\n<p>As\u00ed pas\u00f3 una nueva semana de <strong>Momento Central, el espacio de Central de Noticias junto a En Acci\u00f3n, programa de Georgina Muller que se emite por FM 99.9 de Olavarr\u00eda.<\/strong><\/p>\n\n\n\n<p>Todos los mi\u00e9rcoles un integrante del staff del medio presentar\u00e1 uno de los temas de la semana y se analizar\u00e1 minuciosamente para invitar a los oyentes a la reflexi\u00f3n y conocer la informaci\u00f3n m\u00e1s all\u00e1. <strong>Ac\u00e1 te dejamos la \u00faltima de las columnas.<\/strong><\/p>\n\n\n\n<figure class=\"wp-block-embed is-type-video is-provider-youtube wp-block-embed-youtube wp-embed-aspect-16-9 wp-has-aspect-ratio\"><div class=\"wp-block-embed__wrapper\">\n<iframe loading=\"lazy\" title=\"\u2139\ufe0f Momento Central con Alexis Grierson - An\u00e1lisis de la Marcha LGBT+ antifascista y antirracista\" width=\"800\" height=\"450\" src=\"https:\/\/www.youtube.com\/embed\/nUNwq3p-cQ4?feature=oembed\" frameborder=\"0\" allow=\"accelerometer; autoplay; clipboard-write; encrypted-media; gyroscope; picture-in-picture; web-share\" referrerpolicy=\"strict-origin-when-cross-origin\" allowfullscreen><\/iframe>\n<\/div><\/figure>\n","protected":false},"excerpt":{"rendered":"<p>El an\u00e1lisis en \u201cEn Acci\u00f3n\u201d programa de Georgina M\u00fcller ya est\u00e1 disponible para escuchar on demand. \u00bfQu\u00e9 alcances tuvo la<\/p>\n","protected":false},"author":2,"featured_media":144403,"comment_status":"closed","ping_status":"closed","sticky":false,"template":"","format":"standard","meta":{"_jetpack_memberships_contains_paid_content":false,"footnotes":""},"categories":[5,1],"tags":[],"class_list":["post-151138","post","type-post","status-publish","format-standard","has-post-thumbnail","hentry","category-informacion-general","category-portada"],"jetpack_featured_media_url":"https:\/\/i0.wp.com\/cdnoticias.com\/wp-content\/uploads\/2025\/02\/Marcha-Orgullo-Olavarria-antifascista-38.jpg?fit=1024%2C680&ssl=1","jetpack_sharing_enabled":true,"_links":{"self":[{"href":"https:\/\/cdnoticias.com\/index.php\/wp-json\/wp\/v2\/posts\/151138","targetHints":{"allow":["GET"]}}],"collection":[{"href":"https:\/\/cdnoticias.com\/index.php\/wp-json\/wp\/v2\/posts"}],"about":[{"href":"https:\/\/cdnoticias.com\/index.php\/wp-json\/wp\/v2\/types\/post"}],"author":[{"embeddable":true,"href":"https:\/\/cdnoticias.com\/index.php\/wp-json\/wp\/v2\/users\/2"}],"replies":[{"embeddable":true,"href":"https:\/\/cdnoticias.com\/index.php\/wp-json\/wp\/v2\/comments?post=151138"}],"version-history":[{"count":0,"href":"https:\/\/cdnoticias.com\/index.php\/wp-json\/wp\/v2\/posts\/151138\/revisions"}],"wp:featuredmedia":[{"embeddable":true,"href":"https:\/\/cdnoticias.com\/index.php\/wp-json\/wp\/v2\/media\/144403"}],"wp:attachment":[{"href":"https:\/\/cdnoticias.com\/index.php\/wp-json\/wp\/v2\/media?parent=151138"}],"wp:term":[{"taxonomy":"category","embeddable":true,"href":"https:\/\/cdnoticias.com\/index.php\/wp-json\/wp\/v2\/categories?post=151138"},{"taxonomy":"post_tag","embeddable":true,"href":"https:\/\/cdnoticias.com\/index.php\/wp-json\/wp\/v2\/tags?post=151138"}],"curies":[{"name":"wp","href":"https:\/\/api.w.org\/{rel}","templated":true}]}}