{"id":151124,"date":"2025-02-05T18:35:50","date_gmt":"2025-02-05T21:35:50","guid":{"rendered":"https:\/\/cdnoticias.com\/?p=151124"},"modified":"2025-02-05T18:35:54","modified_gmt":"2025-02-05T21:35:54","slug":"pezzucchi-se-prepara-para-una-nueva-temporada-en-tc-pick-up-con-ford","status":"publish","type":"post","link":"https:\/\/cdnoticias.com\/index.php\/2025\/02\/05\/pezzucchi-se-prepara-para-una-nueva-temporada-en-tc-pick-up-con-ford\/","title":{"rendered":"Pezzucchi se prepara para una nueva temporada en TC Pick Up con Ford"},"content":{"rendered":"\n<p>Volver\u00e1 a la marca con la que debut\u00f3 en 2019. Este fin de semana se abre el calendario de la categor\u00eda en el \u201cRoberto Mouras\u201d de La Plata.<\/p>\n\n\n\n<hr class=\"wp-block-separator aligncenter has-alpha-channel-opacity\"\/>\n\n\n\n<p><strong>Nicol\u00e1s Pezzucchi iniciar\u00e1 la temporada 2025 de TC Pick Up con un cambio de marca y regresar\u00e1 a Ford, la misma con la que debut\u00f3 en la categor\u00eda en 2019.<\/strong> El piloto de Olavarr\u00eda dejar\u00e1 atr\u00e1s la Nissan Frontier y correr\u00e1 con una Ford Ranger de nueva l\u00ednea, identificada con el n\u00famero 14, bajo la estructura de Giavedoni Motorsport y con la motorizaci\u00f3n de Gardelito Fern\u00e1ndez.<\/p>\n\n\n\n<p><strong>El campeonato de TC Pick Up comenzar\u00e1 este fin de semana en el Aut\u00f3dromo Roberto Mouras de La Plata y contar\u00e1 con un total de diez fechas. Junto a la categor\u00eda mayor, tambi\u00e9n se pondr\u00e1 en marcha la tercera edici\u00f3n de TC Pista Pick Up, que acompa\u00f1ar\u00e1 todo el calendario. En esta oportunidad, las camionetas compartir\u00e1n pista con el TC Mouras y el TC Pista Mouras<\/strong>, que disputar\u00e1n la segunda fecha de sus respectivos campeonatos en la variante con chicana del circuito.<\/p>\n\n\n\n<blockquote class=\"wp-block-quote is-layout-flow wp-block-quote-is-layout-flow\">\n<p>Pezzucchi afrontar\u00e1 su carrera n\u00famero 60 en la especialidad, en la que registra una victoria obtenida en 2021, ocho podios y un r\u00e9cord de vuelta. Su regreso a Ford se suma a otras modificaciones en la grilla de la categor\u00eda, que tendr\u00e1 tres pilotos que vuelven a la competencia y un debutante.<\/p>\n<\/blockquote>\n\n\n\n<p>La lista de inscriptos para el inicio del campeonato incluye a<strong> Juan Pablo Gianini, vigente campe\u00f3n y m\u00e1ximo ganador de la categor\u00eda, quien continuar\u00e1 con Ford dentro del JPG Racing. Entre los principales competidores figuran Gast\u00f3n Mazzacane, Mariano Werner y Andr\u00e9s Jakos, que representar\u00e1n a Toyota en Coiro Competici\u00f3n, mientras que Mat\u00edas Rodr\u00edguez ser\u00e1 otro de los pilotos del equipo Giavedoni Sport.<\/strong><\/p>\n\n\n\n<p>El torneo contar\u00e1 con la participaci\u00f3n de diferentes marcas como<strong> Volkswagen, Nissan, Ram, Chevrolet y Fiat. <\/strong>Diego Azar (Fiat), Diego De Carlo (Volkswagen) y Juan Jos\u00e9 Ebarlin (Toyota) regresar\u00e1n a la divisional, mientras que Ignacio Fain har\u00e1 su debut con una Ford del equipo Gur\u00ed Mart\u00ednez Competici\u00f3n.<\/p>\n\n\n\n<p><\/p>\n","protected":false},"excerpt":{"rendered":"<p>Volver\u00e1 a la marca con la que debut\u00f3 en 2019. Este fin de semana se abre el calendario de la<\/p>\n","protected":false},"author":2,"featured_media":151126,"comment_status":"closed","ping_status":"closed","sticky":false,"template":"","format":"standard","meta":{"_jetpack_memberships_contains_paid_content":false,"footnotes":""},"categories":[34,1],"tags":[],"class_list":["post-151124","post","type-post","status-publish","format-standard","has-post-thumbnail","hentry","category-automovilismo","category-portada"],"jetpack_featured_media_url":"https:\/\/i0.wp.com\/cdnoticias.com\/wp-content\/uploads\/2025\/02\/pezzuchi-tcpickup.jpg?fit=902%2C548&ssl=1","jetpack_sharing_enabled":true,"_links":{"self":[{"href":"https:\/\/cdnoticias.com\/index.php\/wp-json\/wp\/v2\/posts\/151124","targetHints":{"allow":["GET"]}}],"collection":[{"href":"https:\/\/cdnoticias.com\/index.php\/wp-json\/wp\/v2\/posts"}],"about":[{"href":"https:\/\/cdnoticias.com\/index.php\/wp-json\/wp\/v2\/types\/post"}],"author":[{"embeddable":true,"href":"https:\/\/cdnoticias.com\/index.php\/wp-json\/wp\/v2\/users\/2"}],"replies":[{"embeddable":true,"href":"https:\/\/cdnoticias.com\/index.php\/wp-json\/wp\/v2\/comments?post=151124"}],"version-history":[{"count":0,"href":"https:\/\/cdnoticias.com\/index.php\/wp-json\/wp\/v2\/posts\/151124\/revisions"}],"wp:featuredmedia":[{"embeddable":true,"href":"https:\/\/cdnoticias.com\/index.php\/wp-json\/wp\/v2\/media\/151126"}],"wp:attachment":[{"href":"https:\/\/cdnoticias.com\/index.php\/wp-json\/wp\/v2\/media?parent=151124"}],"wp:term":[{"taxonomy":"category","embeddable":true,"href":"https:\/\/cdnoticias.com\/index.php\/wp-json\/wp\/v2\/categories?post=151124"},{"taxonomy":"post_tag","embeddable":true,"href":"https:\/\/cdnoticias.com\/index.php\/wp-json\/wp\/v2\/tags?post=151124"}],"curies":[{"name":"wp","href":"https:\/\/api.w.org\/{rel}","templated":true}]}}