{"id":151119,"date":"2025-02-05T18:30:56","date_gmt":"2025-02-05T21:30:56","guid":{"rendered":"https:\/\/cdnoticias.com\/?p=151119"},"modified":"2025-02-05T18:31:00","modified_gmt":"2025-02-05T21:31:00","slug":"paritarias-no-hubo-oferta-entre-los-gremios-y-el-gobierno-de-kicillof","status":"publish","type":"post","link":"https:\/\/cdnoticias.com\/index.php\/2025\/02\/05\/paritarias-no-hubo-oferta-entre-los-gremios-y-el-gobierno-de-kicillof\/","title":{"rendered":"Paritarias: no hubo oferta entre los gremios y el gobierno de Kicillof"},"content":{"rendered":"\n<p>El Ejecutivo advirti\u00f3 sobre limitaciones producto de los recortes nacionales y la no aprobaci\u00f3n del Presupuesto y la Ley Fiscal.<\/p>\n\n\n\n<hr class=\"wp-block-separator aligncenter has-alpha-channel-opacity\"\/>\n\n\n\n<p>El <strong>primer round de negociaciones<\/strong> entre <strong>el gobierno de Axel Kicillof y los gremios<\/strong> que representan a los<strong> trabajadores estatales, incluidos los docentes,<\/strong> concluy\u00f3 este mi\u00e9rcoles <strong>sin una oferta de incremento salarial concreta<\/strong>. <\/p>\n\n\n\n<p><\/p>\n\n\n\n<p>De todas maneras, puede haber una <strong><em>&#8220;posibilidad de un incremento que se pague en febrero y marzo y el compromiso de subir las asignaciones familiares&#8221;. <\/em><\/strong><\/p>\n\n\n\n<p><\/p>\n\n\n\n<p>De acuerdo a los que pudo reconstruir DIB, en los encuentros con docentes y estatales participaron representantes de los ministerios de Trabajo (Cecilia Cechini, jefa de Gabinete y Juan Pablo Lorenzo director de Negociaci\u00f3n Colectiva) y Econom\u00eda (Nicol\u00e1s Todesca, subsecretario de Coordinaci\u00f3n), pero no los ministros Walter Correa y Juan Pablo L\u00f3pez, lo que pareci\u00f3 confirmar el car\u00e1cter exploratorio de la reuni\u00f3n.<\/p>\n\n\n\n<p><\/p>\n\n\n\n<p>El Ejecutivo hizo advertencias sobre la<strong> dif\u00edcil situaci\u00f3n del tesoro bonaerense <\/strong>a ra\u00edz de la no aprobaci\u00f3n del Presupuesto y la Ley Fiscal y <strong>el recorte de fondos nacionales.<\/strong><\/p>\n\n\n\n<p><\/p>\n\n\n\n<blockquote class=\"wp-block-quote is-layout-flow wp-block-quote-is-layout-flow\">\n<p>Fuentes gremiales explicaron a DIB que la expectativa m\u00e1s importante con la que se sentaron a negociar es la de recuperar \u201cen torno al 10%\u201d de p\u00e9rdida salarial que, seg\u00fan sus c\u00e1lculos, sufrieron los estatales el a\u00f1o pasado.<\/p>\n<\/blockquote>\n\n\n\n<p><\/p>\n\n\n\n<p>El gobierno, de todos modos, s<strong>e comprometi\u00f3 a actualizar el monto de las asignaciones familiares,<\/strong> seg\u00fan indic\u00f3 UPCN en un comunicado.\u00a0 En ese texto, se mencion\u00f3 <strong>la posibilidad de un aumento en febrero y otro en marzo<\/strong>, aunque no se precisaron montos porque, como se dijo, no hubo oferta m\u00e1s all\u00e1 de la manifestaci\u00f3n de intenciones. Tampoco se precis\u00f3 si a los docentes se les hizo el mismo ofrecimiento.<\/p>\n\n\n\n<p><\/p>\n\n\n\n<p>Las negociaciones se llevan a cabo en la <strong>previa del retorno de las clases<\/strong>, <strong>previsto para el pr\u00f3ximo 5 de marzo,<\/strong> tras los feriados de Carnaval y en paralelo con la paritaria estatal nacional, que otorg\u00f3 subas de 1,5% y 1,2% para enero y febrero.<\/p>\n\n\n\n<p><\/p>\n\n\n\n<p>Por \u00faltimo, en la reuni\u00f3n,<strong> los estatales pidieron,<\/strong> adem\u00e1s del incremento salarial, <strong>\u201cel pase a planta permanente de todos los trabajadores precarizados\u201d.\u00a0<\/strong><\/p>\n\n\n\n<p><\/p>\n\n\n\n<p><em>Fuente: DIB<\/em><\/p>\n","protected":false},"excerpt":{"rendered":"<p>El Ejecutivo advirti\u00f3 sobre limitaciones producto de los recortes nacionales y la no aprobaci\u00f3n del Presupuesto y la Ley Fiscal.<\/p>\n","protected":false},"author":6,"featured_media":151120,"comment_status":"closed","ping_status":"closed","sticky":false,"template":"","format":"standard","meta":{"_jetpack_memberships_contains_paid_content":false,"footnotes":""},"categories":[6,1],"tags":[],"class_list":["post-151119","post","type-post","status-publish","format-standard","has-post-thumbnail","hentry","category-nacionales","category-portada"],"jetpack_featured_media_url":"https:\/\/i0.wp.com\/cdnoticias.com\/wp-content\/uploads\/2025\/02\/paritarias-kicillof-e1746997150233.jpg?fit=696%2C370&ssl=1","jetpack_sharing_enabled":true,"_links":{"self":[{"href":"https:\/\/cdnoticias.com\/index.php\/wp-json\/wp\/v2\/posts\/151119","targetHints":{"allow":["GET"]}}],"collection":[{"href":"https:\/\/cdnoticias.com\/index.php\/wp-json\/wp\/v2\/posts"}],"about":[{"href":"https:\/\/cdnoticias.com\/index.php\/wp-json\/wp\/v2\/types\/post"}],"author":[{"embeddable":true,"href":"https:\/\/cdnoticias.com\/index.php\/wp-json\/wp\/v2\/users\/6"}],"replies":[{"embeddable":true,"href":"https:\/\/cdnoticias.com\/index.php\/wp-json\/wp\/v2\/comments?post=151119"}],"version-history":[{"count":0,"href":"https:\/\/cdnoticias.com\/index.php\/wp-json\/wp\/v2\/posts\/151119\/revisions"}],"wp:featuredmedia":[{"embeddable":true,"href":"https:\/\/cdnoticias.com\/index.php\/wp-json\/wp\/v2\/media\/151120"}],"wp:attachment":[{"href":"https:\/\/cdnoticias.com\/index.php\/wp-json\/wp\/v2\/media?parent=151119"}],"wp:term":[{"taxonomy":"category","embeddable":true,"href":"https:\/\/cdnoticias.com\/index.php\/wp-json\/wp\/v2\/categories?post=151119"},{"taxonomy":"post_tag","embeddable":true,"href":"https:\/\/cdnoticias.com\/index.php\/wp-json\/wp\/v2\/tags?post=151119"}],"curies":[{"name":"wp","href":"https:\/\/api.w.org\/{rel}","templated":true}]}}