{"id":151107,"date":"2025-02-05T17:41:02","date_gmt":"2025-02-05T20:41:02","guid":{"rendered":"https:\/\/cdnoticias.com\/?p=151107"},"modified":"2025-02-05T17:41:06","modified_gmt":"2025-02-05T20:41:06","slug":"hcd-la-libertad-avanza-propuso-que-la-municipalidad-adhiera-a-la-ley-15-094","status":"publish","type":"post","link":"https:\/\/cdnoticias.com\/index.php\/2025\/02\/05\/hcd-la-libertad-avanza-propuso-que-la-municipalidad-adhiera-a-la-ley-15-094\/","title":{"rendered":"HCD: La Libertad Avanza propuso que la Municipalidad adhiera a la Ley 15.094"},"content":{"rendered":"\n<p>Es un proyecto de ordenanza que busca favorecer la incorporaci\u00f3n de personal de salud en los servicios de emergencia. Cabe aclarar que la ley no requiere adhesi\u00f3n de los municipios para su vigencia.<\/p>\n\n\n\n<!--more-->\n\n\n\n<hr class=\"wp-block-separator has-alpha-channel-opacity\"\/>\n\n\n\n<p>El <strong>bloque La Libertad Avanza<\/strong> dio a conocer que <strong>present\u00f3 en el Concejo Deliberante<\/strong> un <strong>proyecto de ordenanza<\/strong> para <strong>favorecer la incorporaci\u00f3n de personal de salud en los servicios de emergencia<\/strong> y <em>afirm\u00f3 que el sistema p\u00fablico de salud no cuenta con profesionales formados.<\/em><\/p>\n\n\n\n<blockquote class=\"wp-block-quote is-layout-flow wp-block-quote-is-layout-flow\">\n<p>En concreto, la propuesta es que la Municipalidad de Olavarr\u00eda \u201cadhiera a la Ley N\u00b0 15.094 que regula el r\u00e9gimen legal para el ejercicio profesional de los T\u00e9cnicos en Emergencias M\u00e9dicas\u201d. Cabe se\u00f1alar que dicha ley, sancionada en 2018 en la Legislatura provincial, no incluye en su articulado la necesidad de la adhesi\u00f3n de los municipios. De hecho, en su primer art\u00edculo determin\u00f3 que \u201cen la Provincia de Buenos Aires el ejercicio de la profesi\u00f3n de T\u00e9cnico en Emergencias M\u00e9dicas, libre o en relaci\u00f3n de dependencia, en todas sus modalidades, \u00e1mbitos, y niveles de los subsectores de salud, queda sujeto a las disposiciones de la presente Ley y a la reglamentaci\u00f3n que en su consecuencia se dicte\u201d.<\/p>\n<\/blockquote>\n\n\n\n<p>No obstante, <strong>los concejales sostienen que \u201cadherir a la Ley 15.094 permitir\u00eda reconocer a los T\u00e9cnicos en Emergencias M\u00e9dicas como profesionales especializados<\/strong> en prevenci\u00f3n y cuidados en la escena prehospitalaria de la emergencia m\u00e9dica\u201d.<\/p>\n\n\n\n<p>La propuesta del bloque que integran los <strong>concejales Oliver Gamondi y Paola Odello<\/strong> se\u00f1ala <strong>\u201cla dificultad para cubrir los puestos del personal sanitario en los servicios de emergencia<\/strong> del sistema de salud tanto municipales como de los servicios privados\u201d.<\/p>\n\n\n\n<p>Adem\u00e1s, <strong>la bancada libertaria sostiene en los considerandos que \u201cel servicio p\u00fablico de salud no cuenta con T\u00e9cnicos especialistas en Emergencias M\u00e9dicas con el aval legal y los conocimientos para acudir a la asistencia de pacientes en la v\u00eda p\u00fablica<\/strong> en casos de siniestros\u201d. A continuaci\u00f3n <strong>el proyecto de ordenanza a\u00f1ade que \u201cresulta fundamental que las ambulancias<\/strong> del Hospital H\u00e9ctor Cura como as\u00ed tambi\u00e9n las que est\u00e1n asignadas a los centros perif\u00e9ricos de las localidades <strong>cuenten con t\u00e9cnicos en Emergencias M\u00e9dicas preparados<\/strong> para la emergencia en la v\u00eda p\u00fablica\u201d.<\/p>\n\n\n\n<p>Los concejales libertarios pidieron incluir la propuesta en el orden del d\u00eda de la pr\u00f3xima sesi\u00f3n ordinaria del Concejo Deliberante a fin de que tome estado parlamentario y pase a su estudio en comisiones.<\/p>\n\n\n\n<p>Por otro lado, <strong>desde el Ejecutivo Municipal se present\u00f3 el 20 de enero la Tecnicatura Superior en Emergencias de Salud<\/strong>, <a href=\"https:\/\/cdnoticias.com\/index.php\/2025\/01\/20\/se-presento-en-olavarria-la-tecnicatura-superior-en-emergencias-de-salud\/\" target=\"_blank\" rel=\"noopener\">carrera que se dictar\u00e1 en el Hospital Municipal<\/a> dictada por la Escuela de Gobierno en Salud \u201cFloreal Ferrara\u201d. En ese acto, el intendente Maximiliano Wesner inform\u00f3 que la formaci\u00f3n profesional en esta rama de la salud es una demanda de \u201clos mismos profesionales del sistema de salud, de las empresas privadas de emergencia que tenemos en el partido de Olavarr\u00eda\u201d. <a href=\"https:\/\/cdnoticias.com\/index.php\/2025\/01\/26\/como-anotarse-en-la-tecnicatura-superior-en-emergencias-de-salud\/\" target=\"_blank\" rel=\"noopener\">La inscripci\u00f3n ya est\u00e1 abierta<\/a>.<\/p>\n\n\n\n<p><\/p>\n","protected":false},"excerpt":{"rendered":"<p>Es un proyecto de ordenanza que busca favorecer la incorporaci\u00f3n de personal de salud en los servicios de emergencia. Cabe<\/p>\n","protected":false},"author":4,"featured_media":151108,"comment_status":"closed","ping_status":"closed","sticky":false,"template":"","format":"standard","meta":{"_jetpack_memberships_contains_paid_content":false,"footnotes":""},"categories":[4,1],"tags":[],"class_list":["post-151107","post","type-post","status-publish","format-standard","has-post-thumbnail","hentry","category-politica","category-portada"],"jetpack_featured_media_url":"https:\/\/i0.wp.com\/cdnoticias.com\/wp-content\/uploads\/2025\/02\/HCD-la-libertad-avanza-gamondi-odello-00.jpg?fit=900%2C501&ssl=1","jetpack_sharing_enabled":true,"_links":{"self":[{"href":"https:\/\/cdnoticias.com\/index.php\/wp-json\/wp\/v2\/posts\/151107","targetHints":{"allow":["GET"]}}],"collection":[{"href":"https:\/\/cdnoticias.com\/index.php\/wp-json\/wp\/v2\/posts"}],"about":[{"href":"https:\/\/cdnoticias.com\/index.php\/wp-json\/wp\/v2\/types\/post"}],"author":[{"embeddable":true,"href":"https:\/\/cdnoticias.com\/index.php\/wp-json\/wp\/v2\/users\/4"}],"replies":[{"embeddable":true,"href":"https:\/\/cdnoticias.com\/index.php\/wp-json\/wp\/v2\/comments?post=151107"}],"version-history":[{"count":0,"href":"https:\/\/cdnoticias.com\/index.php\/wp-json\/wp\/v2\/posts\/151107\/revisions"}],"wp:featuredmedia":[{"embeddable":true,"href":"https:\/\/cdnoticias.com\/index.php\/wp-json\/wp\/v2\/media\/151108"}],"wp:attachment":[{"href":"https:\/\/cdnoticias.com\/index.php\/wp-json\/wp\/v2\/media?parent=151107"}],"wp:term":[{"taxonomy":"category","embeddable":true,"href":"https:\/\/cdnoticias.com\/index.php\/wp-json\/wp\/v2\/categories?post=151107"},{"taxonomy":"post_tag","embeddable":true,"href":"https:\/\/cdnoticias.com\/index.php\/wp-json\/wp\/v2\/tags?post=151107"}],"curies":[{"name":"wp","href":"https:\/\/api.w.org\/{rel}","templated":true}]}}