{"id":151077,"date":"2025-02-05T08:07:31","date_gmt":"2025-02-05T11:07:31","guid":{"rendered":"https:\/\/cdnoticias.com\/?p=151077"},"modified":"2025-02-05T12:25:37","modified_gmt":"2025-02-05T15:25:37","slug":"alerta-amarillo-por-tormenta-para-olavarria","status":"publish","type":"post","link":"https:\/\/cdnoticias.com\/index.php\/2025\/02\/05\/alerta-amarillo-por-tormenta-para-olavarria\/","title":{"rendered":"Alerta amarillo por tormenta para Olavarr\u00eda"},"content":{"rendered":"<p>La advertencia es para la ma\u00f1ana de este mi\u00e9rcoles. Se pronostican lluvias tambi\u00e9n para la tarde.<!--more--><\/p>\n<hr \/>\n<p>El <strong>Servicio Meteorol\u00f3gico Nacional<\/strong> emiti\u00f3 un<strong> alerta amarillo<\/strong> por <strong>tormenta<\/strong> para Olavarr\u00eda durante la <strong>ma\u00f1ana de este mi\u00e9rcoles.<\/strong><\/p>\n<blockquote><p>\u201cEl \u00e1rea ser\u00e1 afectada por lluvias y tormentas, algunas localmente fuertes. Las mismas estar\u00e1n acompa\u00f1adas por r\u00e1fagas que podr\u00edan alcanzar los 70 km\/h, ocasional ca\u00edda de granizo, fuerte actividad el\u00e9ctrica, y especialmente, abundante ca\u00edda de agua en cortos per\u00edodos. Se prev\u00e9n valores de precipitaci\u00f3n acumulada entre 40 y 60 mm, pudiendo ser superados en forma puntual\u201d indic\u00f3 el organismo.<\/p><\/blockquote>\n<p>El organismo pronostic\u00f3 para esta jornada<strong> tormentas fuertes durante la ma\u00f1ana, chaparrones durante la tarde<\/strong> y cielo algo nublado por la noche.<\/p>\n<p>La <strong>temperatura m\u00e1xima se ubicar\u00e1 en 24\u00ba<\/strong>, una marca mucho m\u00e1s baja que las \u00faltimas dos semanas cuando diariamente se superaron los 30\u00ba.<\/p>\n<p>El <strong>viento estar\u00e1 del noreste<\/strong> durante toda la jornada. Por la ma\u00f1ana, soplar\u00e1 entre 23 y 31 kil\u00f3metros por hora. Se mantendr\u00e1 por la tarde, aunque con r\u00e1fagas de hasta 59 kil\u00f3metros. Por la noche cambiar\u00e1 a entre 13 a 22 kil\u00f3metros.<\/p>\n","protected":false},"excerpt":{"rendered":"<p>La advertencia es para la ma\u00f1ana de este mi\u00e9rcoles. Se pronostican lluvias tambi\u00e9n para la tarde.<\/p>\n","protected":false},"author":4,"featured_media":111871,"comment_status":"closed","ping_status":"closed","sticky":false,"template":"","format":"standard","meta":{"_jetpack_memberships_contains_paid_content":false,"footnotes":""},"categories":[5],"tags":[],"class_list":["post-151077","post","type-post","status-publish","format-standard","has-post-thumbnail","hentry","category-informacion-general"],"jetpack_featured_media_url":"https:\/\/i0.wp.com\/cdnoticias.com\/wp-content\/uploads\/2024\/03\/lluvias-tormenta.jpg?fit=800%2C445&ssl=1","jetpack_sharing_enabled":true,"_links":{"self":[{"href":"https:\/\/cdnoticias.com\/index.php\/wp-json\/wp\/v2\/posts\/151077","targetHints":{"allow":["GET"]}}],"collection":[{"href":"https:\/\/cdnoticias.com\/index.php\/wp-json\/wp\/v2\/posts"}],"about":[{"href":"https:\/\/cdnoticias.com\/index.php\/wp-json\/wp\/v2\/types\/post"}],"author":[{"embeddable":true,"href":"https:\/\/cdnoticias.com\/index.php\/wp-json\/wp\/v2\/users\/4"}],"replies":[{"embeddable":true,"href":"https:\/\/cdnoticias.com\/index.php\/wp-json\/wp\/v2\/comments?post=151077"}],"version-history":[{"count":0,"href":"https:\/\/cdnoticias.com\/index.php\/wp-json\/wp\/v2\/posts\/151077\/revisions"}],"wp:featuredmedia":[{"embeddable":true,"href":"https:\/\/cdnoticias.com\/index.php\/wp-json\/wp\/v2\/media\/111871"}],"wp:attachment":[{"href":"https:\/\/cdnoticias.com\/index.php\/wp-json\/wp\/v2\/media?parent=151077"}],"wp:term":[{"taxonomy":"category","embeddable":true,"href":"https:\/\/cdnoticias.com\/index.php\/wp-json\/wp\/v2\/categories?post=151077"},{"taxonomy":"post_tag","embeddable":true,"href":"https:\/\/cdnoticias.com\/index.php\/wp-json\/wp\/v2\/tags?post=151077"}],"curies":[{"name":"wp","href":"https:\/\/api.w.org\/{rel}","templated":true}]}}