{"id":15104,"date":"2021-03-02T09:22:32","date_gmt":"2021-03-02T12:22:32","guid":{"rendered":"http:\/\/www.centraldenoticias.com.ar\/?p=15104"},"modified":"2021-03-02T09:22:32","modified_gmt":"2021-03-02T12:22:32","slug":"barrio-carlos-pellegrini-vecinos-entregaron-un-petitorio-con-reclamos","status":"publish","type":"post","link":"https:\/\/cdnoticias.com\/index.php\/2021\/03\/02\/barrio-carlos-pellegrini-vecinos-entregaron-un-petitorio-con-reclamos\/","title":{"rendered":"Barrio Carlos Pellegrini: vecinos entregaron un petitorio con reclamos"},"content":{"rendered":"<p>Se entreg\u00f3 en mano a concejales del interbloque del Frente de Todos, que anticiparon que presentar\u00e1n un proyecto en el HCD en la primera sesi\u00f3n del a\u00f1o, el pr\u00f3ximo 11 de marzo.<!--more--><\/p>\n<hr \/>\n<p>En la jornada de este lunes,<strong> vecinos del barrio Carlos Pellegrini organizaron una reuni\u00f3n para dialogar y debatir sobre las demandas que tiene el lugar, en la que participaron tambi\u00e9n concejales del interbloque de Todos<\/strong> que elevar\u00e1n estos reclamos al HCD.<\/p>\n<p>&nbsp;<\/p>\n<p>Tras realizar un petitorio con varios<strong> reclamos puntuales para mejorar la calidad de vida de los vecinos, fue entregado en mano a la concejala Mercedes Land\u00edvar<\/strong>, quien fue al lugar en compa\u00f1\u00eda de sus compa\u00f1eros de banca Ubaldo Garc\u00eda y Guillermo Santell\u00e1n.<\/p>\n<p>&nbsp;<\/p>\n<p><img data-recalc-dims=\"1\" loading=\"lazy\" decoding=\"async\" class=\"alignnone size-full wp-image-15105\" src=\"https:\/\/i0.wp.com\/cdnoticias.com\/wp-content\/uploads\/2021\/03\/155080191_10221878955714459_7324112459451201730_n.jpg?resize=800%2C600&#038;ssl=1\" alt=\"\" width=\"800\" height=\"600\" srcset=\"https:\/\/i0.wp.com\/cdnoticias.com\/wp-content\/uploads\/2021\/03\/155080191_10221878955714459_7324112459451201730_n.jpg?w=960&amp;ssl=1 960w, https:\/\/i0.wp.com\/cdnoticias.com\/wp-content\/uploads\/2021\/03\/155080191_10221878955714459_7324112459451201730_n.jpg?resize=300%2C225&amp;ssl=1 300w, https:\/\/i0.wp.com\/cdnoticias.com\/wp-content\/uploads\/2021\/03\/155080191_10221878955714459_7324112459451201730_n.jpg?resize=768%2C576&amp;ssl=1 768w\" sizes=\"auto, (max-width: 800px) 100vw, 800px\" \/><\/p>\n<p>&nbsp;<\/p>\n<p>En este sentido, se realizar\u00e1 un<strong> proyecto que ser\u00e1 tratado en la primera sesi\u00f3n del 11 de marzo.<\/strong> <em>\u201cEsperemos que en esta oportunidad adem\u00e1s de ser aprobado el proyecto tambi\u00e9n sea ejecutado por el Municipio. En el a\u00f1o 2020 presentamos muchas demandas barriales en el HCD que no fueron escuchadas por el Ejecutivo\u201d<\/em> indic\u00f3 Landivar.<\/p>\n<p>&nbsp;<\/p>\n<p>Para cerrar, se\u00f1al\u00f3 que<em> \u201cel di\u00e1logo y la escucha deben ser un ejercicio militante y no enunciados abstractos ajenos a la realidad\u201d<\/em> haciendo referencia a su participaci\u00f3n en el encuentro con los concejales.<\/p>\n","protected":false},"excerpt":{"rendered":"<p>Se entreg\u00f3 en mano a concejales del interbloque del Frente de Todos, que anticiparon que presentar\u00e1n un proyecto en el<\/p>\n","protected":false},"author":2,"featured_media":15106,"comment_status":"closed","ping_status":"closed","sticky":false,"template":"","format":"standard","meta":{"_jetpack_memberships_contains_paid_content":false,"footnotes":""},"categories":[4,1],"tags":[],"class_list":["post-15104","post","type-post","status-publish","format-standard","has-post-thumbnail","hentry","category-politica","category-portada"],"jetpack_featured_media_url":"https:\/\/i0.wp.com\/cdnoticias.com\/wp-content\/uploads\/2021\/03\/156284787_10221879007195746_6874484689015214852_o.jpg?fit=1280%2C709&ssl=1","jetpack_sharing_enabled":true,"_links":{"self":[{"href":"https:\/\/cdnoticias.com\/index.php\/wp-json\/wp\/v2\/posts\/15104","targetHints":{"allow":["GET"]}}],"collection":[{"href":"https:\/\/cdnoticias.com\/index.php\/wp-json\/wp\/v2\/posts"}],"about":[{"href":"https:\/\/cdnoticias.com\/index.php\/wp-json\/wp\/v2\/types\/post"}],"author":[{"embeddable":true,"href":"https:\/\/cdnoticias.com\/index.php\/wp-json\/wp\/v2\/users\/2"}],"replies":[{"embeddable":true,"href":"https:\/\/cdnoticias.com\/index.php\/wp-json\/wp\/v2\/comments?post=15104"}],"version-history":[{"count":0,"href":"https:\/\/cdnoticias.com\/index.php\/wp-json\/wp\/v2\/posts\/15104\/revisions"}],"wp:featuredmedia":[{"embeddable":true,"href":"https:\/\/cdnoticias.com\/index.php\/wp-json\/wp\/v2\/media\/15106"}],"wp:attachment":[{"href":"https:\/\/cdnoticias.com\/index.php\/wp-json\/wp\/v2\/media?parent=15104"}],"wp:term":[{"taxonomy":"category","embeddable":true,"href":"https:\/\/cdnoticias.com\/index.php\/wp-json\/wp\/v2\/categories?post=15104"},{"taxonomy":"post_tag","embeddable":true,"href":"https:\/\/cdnoticias.com\/index.php\/wp-json\/wp\/v2\/tags?post=15104"}],"curies":[{"name":"wp","href":"https:\/\/api.w.org\/{rel}","templated":true}]}}