{"id":151033,"date":"2025-02-04T17:58:43","date_gmt":"2025-02-04T20:58:43","guid":{"rendered":"https:\/\/cdnoticias.com\/?p=151033"},"modified":"2025-02-04T17:58:47","modified_gmt":"2025-02-04T20:58:47","slug":"el-olavarriense-diaz-aspiroz-subcampeon-en-padel-adaptado-en-cipoletti","status":"publish","type":"post","link":"https:\/\/cdnoticias.com\/index.php\/2025\/02\/04\/el-olavarriense-diaz-aspiroz-subcampeon-en-padel-adaptado-en-cipoletti\/","title":{"rendered":"El olavarriense D\u00edaz Aspiroz, subcampe\u00f3n en padel adaptado en Cipoletti"},"content":{"rendered":"\n<p>Perdieron con su compa\u00f1ero Alfonso Wooley en set corridos. El local se llev\u00f3 buenas sensaciones de cara al calendario nacional de la APA.<\/p>\n\n\n\n<hr class=\"wp-block-separator aligncenter has-alpha-channel-opacity\"\/>\n\n\n\n<p>El <strong>olavarriense Lucas D\u00edaz Aspiroz tuvo una destacada participaci\u00f3n en la fecha inaugural del Nacional de P\u00e1del Adaptado en Silla 2025<\/strong>, disputada el fin de semana en el club World P\u00e1del Center Patagonia de Cipolletti. <strong>Junto a su compa\u00f1ero Alfonso Wooley, oriundo de General Belgrano, alcanz\u00f3 la final del certamen tras una s\u00f3lida actuaci\u00f3n en las rondas preliminares.<\/strong><\/p>\n\n\n\n<p>El torneo, que cont\u00f3 con la presencia de autoridades locales y jugadores de m\u00e1s de seis provincias,<strong> marc\u00f3 el inicio de la temporada oficial de la disciplina. D\u00edaz Aspiroz y Wooley superaron tres encuentros para acceder a las semifinales, instancia en la que lograron una trabajada victoria por 3-6, 6-2 y 4-6. En la final, cayeron en sets corridos ante una pareja que impuso su ritmo de juego.<\/strong><\/p>\n\n\n\n<p><strong>La competencia en Cipolletti fue la primera del calendario nacional avalado por la Asociaci\u00f3n de P\u00e1del Argentino (APA) y otorg\u00f3 puntos para el ranking del circuito. <\/strong>La pr\u00f3xima fecha se disputar\u00e1 en la ciudad de Neuqu\u00e9n, con continuidad en sedes como Pehuaj\u00f3, Rosario, Corrientes y Misiones, adem\u00e1s del M\u00e1ster que cerrar\u00e1 la temporada.<\/p>\n\n\n\n<p>Estos torneos funcionan como <strong>instancia de clasificaci\u00f3n para conformar la selecci\u00f3n argentina que representar\u00e1 al pa\u00eds en eventos internacionales. En 2023, D\u00edaz Aspiroz integr\u00f3 el equipo nacional que compiti\u00f3 en el Mundial de P\u00e1del en Silla en Madrid, Espa\u00f1a<\/strong>, donde Argentina finaliz\u00f3 en la cuarta posici\u00f3n tras caer ante Francia en la lucha por el podio. Espa\u00f1a se consagr\u00f3 campe\u00f3n del certamen.<\/p>\n","protected":false},"excerpt":{"rendered":"<p>Perdieron con su compa\u00f1ero Alfonso Wooley en set corridos. El local se llev\u00f3 buenas sensaciones de cara al calendario nacional<\/p>\n","protected":false},"author":2,"featured_media":151034,"comment_status":"closed","ping_status":"closed","sticky":false,"template":"","format":"standard","meta":{"_jetpack_memberships_contains_paid_content":false,"footnotes":""},"categories":[55],"tags":[],"class_list":["post-151033","post","type-post","status-publish","format-standard","has-post-thumbnail","hentry","category-tenis-padel"],"jetpack_featured_media_url":"https:\/\/i0.wp.com\/cdnoticias.com\/wp-content\/uploads\/2025\/02\/diaz-aspiroz.jpg?fit=1000%2C600&ssl=1","jetpack_sharing_enabled":true,"_links":{"self":[{"href":"https:\/\/cdnoticias.com\/index.php\/wp-json\/wp\/v2\/posts\/151033","targetHints":{"allow":["GET"]}}],"collection":[{"href":"https:\/\/cdnoticias.com\/index.php\/wp-json\/wp\/v2\/posts"}],"about":[{"href":"https:\/\/cdnoticias.com\/index.php\/wp-json\/wp\/v2\/types\/post"}],"author":[{"embeddable":true,"href":"https:\/\/cdnoticias.com\/index.php\/wp-json\/wp\/v2\/users\/2"}],"replies":[{"embeddable":true,"href":"https:\/\/cdnoticias.com\/index.php\/wp-json\/wp\/v2\/comments?post=151033"}],"version-history":[{"count":0,"href":"https:\/\/cdnoticias.com\/index.php\/wp-json\/wp\/v2\/posts\/151033\/revisions"}],"wp:featuredmedia":[{"embeddable":true,"href":"https:\/\/cdnoticias.com\/index.php\/wp-json\/wp\/v2\/media\/151034"}],"wp:attachment":[{"href":"https:\/\/cdnoticias.com\/index.php\/wp-json\/wp\/v2\/media?parent=151033"}],"wp:term":[{"taxonomy":"category","embeddable":true,"href":"https:\/\/cdnoticias.com\/index.php\/wp-json\/wp\/v2\/categories?post=151033"},{"taxonomy":"post_tag","embeddable":true,"href":"https:\/\/cdnoticias.com\/index.php\/wp-json\/wp\/v2\/tags?post=151033"}],"curies":[{"name":"wp","href":"https:\/\/api.w.org\/{rel}","templated":true}]}}