{"id":151010,"date":"2025-02-04T16:15:51","date_gmt":"2025-02-04T19:15:51","guid":{"rendered":"https:\/\/cdnoticias.com\/?p=151010"},"modified":"2025-02-04T17:31:54","modified_gmt":"2025-02-04T20:31:54","slug":"se-reprogramo-mercados-bonaerenses-paso-al-viernes","status":"publish","type":"post","link":"https:\/\/cdnoticias.com\/index.php\/2025\/02\/04\/se-reprogramo-mercados-bonaerenses-paso-al-viernes\/","title":{"rendered":"Se reprogram\u00f3 Mercados Bonaerenses: pas\u00f3 al viernes"},"content":{"rendered":"<p>El cambio se dispuso debido al pron\u00f3stico clim\u00e1tico desfavorable para este mi\u00e9rcoles. Se desarrollar\u00e1 en el parque Helios Eseverri de 8:30 a 13:30 horas.<!--more--><\/p>\n<hr \/>\n<p>Desde la <strong>Secretar\u00eda de Desarrollo Econ\u00f3mico y Productivo del Municipio de Olavarr\u00eda<\/strong>, a trav\u00e9s de la Coordinaci\u00f3n de Econom\u00eda Popular, inform\u00f3 la <strong>reprogramaci\u00f3n de la edici\u00f3n de Mercados Bonaerenses<\/strong> <a href=\"https:\/\/cdnoticias.com\/index.php\/2025\/02\/03\/el-miercoles-se-llevara-a-cabo-una-nueva-edicion-de-mercados-bonaerenses\/\" target=\"_blank\" rel=\"noopener\">prevista para ma\u00f1ana mi\u00e9rcoles<\/a>, con motivo del pron\u00f3stico del Servicio Meteorol\u00f3gico Nacional.<\/p>\n<blockquote><p>Se prev\u00e9n desfavorables condiciones clim\u00e1ticas y por tal motivo, se decidi\u00f3 reprogramar la jornada para el viernes 7 de febrero.<\/p><\/blockquote>\n<p>La actividad se desarrollar\u00e1<strong> en el parque Helios Eseverri<\/strong>, en el sector de <strong>avenida De los Trabajadores y Alsina<\/strong>, en el horario <strong>de 8:30 a 13:30 horas<\/strong>. Se invit\u00f3 a toda la comunidad a ser parte de la propuesta.<\/p>\n<p>La feria contar\u00e1 con la participaci\u00f3n de <strong>productores locales<\/strong>, entre los cuales se podr\u00e1n encontrar elaboraciones tales como <em>panificados dulces y salados, bebidas, plantas y plantines, miel, productos sin TAC, frutas y verduras, alfajores<\/em>.<\/p>\n<p>Adem\u00e1s, participar\u00e1n de<strong> la feria dos camiones del Ministerio de Desarrollo Agrario bonaerense<\/strong>, que dispondr\u00e1n productos <strong>l\u00e1cteos, pastas y pescados<\/strong>. Estos \u00faltimos dos rubros poseen un <strong>40% de descuento con Cuenta DNI (tope de reintegro $4000).<\/strong><\/p>\n<p>El Programa \u201cMercados Bonaerenses\u201d es impulsado desde el Ministerio de Desarrollo Agrario de la Provincia de Buenos Aires, con el objetivo de promocionar la producci\u00f3n y el consumo de Alimentos Bonaerenses, acercando a productores, productoras, consumidores y consumidoras a trav\u00e9s de una red de ferias y mercados en toda la provincia de Buenos Aires.<\/p>\n<p>A la par, tiene como meta fortalecer y asistir experiencias de producci\u00f3n, comercializaci\u00f3n y abastecimiento local de agroalimentos, que se desarrollen en el \u00e1mbito de la provincia de Buenos Aires; fomentar la producci\u00f3n y el consumo de \u201cAlimentos Bonaerenses\u201d a trav\u00e9s de la asistencia, formalizaci\u00f3n y capacitaci\u00f3n a productores, comercializadores y municipios, para crear, ampliar y fortalecer mercados y ferias de alimentos fijas o itinerantes.<\/p>\n<p>Por \u00faltimo, se solicit\u00f3 a la comunidad<strong> acercarse con bolsa.<\/strong><\/p>\n","protected":false},"excerpt":{"rendered":"<p>El cambio se dispuso debido al pron\u00f3stico clim\u00e1tico desfavorable para este mi\u00e9rcoles. Se desarrollar\u00e1 en el parque Helios Eseverri de<\/p>\n","protected":false},"author":4,"featured_media":119202,"comment_status":"closed","ping_status":"closed","sticky":false,"template":"","format":"standard","meta":{"_jetpack_memberships_contains_paid_content":false,"footnotes":""},"categories":[5,1],"tags":[],"class_list":["post-151010","post","type-post","status-publish","format-standard","has-post-thumbnail","hentry","category-informacion-general","category-portada"],"jetpack_featured_media_url":"https:\/\/i0.wp.com\/cdnoticias.com\/wp-content\/uploads\/2024\/06\/mercados-bonaerenses-05.jpg?fit=800%2C445&ssl=1","jetpack_sharing_enabled":true,"_links":{"self":[{"href":"https:\/\/cdnoticias.com\/index.php\/wp-json\/wp\/v2\/posts\/151010","targetHints":{"allow":["GET"]}}],"collection":[{"href":"https:\/\/cdnoticias.com\/index.php\/wp-json\/wp\/v2\/posts"}],"about":[{"href":"https:\/\/cdnoticias.com\/index.php\/wp-json\/wp\/v2\/types\/post"}],"author":[{"embeddable":true,"href":"https:\/\/cdnoticias.com\/index.php\/wp-json\/wp\/v2\/users\/4"}],"replies":[{"embeddable":true,"href":"https:\/\/cdnoticias.com\/index.php\/wp-json\/wp\/v2\/comments?post=151010"}],"version-history":[{"count":0,"href":"https:\/\/cdnoticias.com\/index.php\/wp-json\/wp\/v2\/posts\/151010\/revisions"}],"wp:featuredmedia":[{"embeddable":true,"href":"https:\/\/cdnoticias.com\/index.php\/wp-json\/wp\/v2\/media\/119202"}],"wp:attachment":[{"href":"https:\/\/cdnoticias.com\/index.php\/wp-json\/wp\/v2\/media?parent=151010"}],"wp:term":[{"taxonomy":"category","embeddable":true,"href":"https:\/\/cdnoticias.com\/index.php\/wp-json\/wp\/v2\/categories?post=151010"},{"taxonomy":"post_tag","embeddable":true,"href":"https:\/\/cdnoticias.com\/index.php\/wp-json\/wp\/v2\/tags?post=151010"}],"curies":[{"name":"wp","href":"https:\/\/api.w.org\/{rel}","templated":true}]}}