{"id":15098,"date":"2021-03-02T08:56:32","date_gmt":"2021-03-02T11:56:32","guid":{"rendered":"http:\/\/www.centraldenoticias.com.ar\/?p=15098"},"modified":"2021-03-02T10:53:13","modified_gmt":"2021-03-02T13:53:13","slug":"dos-aprehendidos-tras-forzar-un-porton-y-robar-cajas-de-ceramicos","status":"publish","type":"post","link":"https:\/\/cdnoticias.com\/index.php\/2021\/03\/02\/dos-aprehendidos-tras-forzar-un-porton-y-robar-cajas-de-ceramicos\/","title":{"rendered":"Dos aprehendidos tras forzar un port\u00f3n y robar cajas de cer\u00e1micos"},"content":{"rendered":"<p>El hecho se produjo en la noche del lunes, en un domicilio en Balcarce al 5100. Los dos hombres fueron capturados en Urquiza y Calle 10, tras intentar huir en auto.<!--more--><\/p>\n<hr \/>\n<p>En la noche del lunes, <strong>dos hombres fueron aprehendidos tras forzar un port\u00f3n y robar 10 cajas de cer\u00e1micos. Fueron atrapados mientras hu\u00edan en un auto, varias cuadras despu\u00e9s.<\/strong><\/p>\n<p>&nbsp;<\/p>\n<p>Seg\u00fan se logr\u00f3 saber, el Comando de Patrullas y personal de la Comisar\u00eda Segunda acudieron a un llamado que denunciaba<strong> el robo de 10 cajas de piso cer\u00e1micos, tras forzar un port\u00f3n, en una vivienda de Balcarce al 5100.<\/strong><\/p>\n<p>&nbsp;<\/p>\n<blockquote><p>Tras una intensa b\u00fasqueda lograron interceptar, en avenida Urquiza y Calle 10 a dos hombres de 32 y 37 a\u00f1os a bordo de un autom\u00f3vil que llevaban dichas cajas robadas.<\/p><\/blockquote>\n<p>&nbsp;<\/p>\n<p>R\u00e1pidamente, <strong>fueron aprehendidos y trasladados a la Comisar\u00eda Segunda<\/strong> para quedar a disposici\u00f3n de la fiscal en turno, la doctora Viviana Beyt\u00eda, titular de la UFI N\u00b0 10. <strong>La causa se catalog\u00f3 como \u201crobo in fraganti delito\u201d.<\/strong><\/p>\n","protected":false},"excerpt":{"rendered":"<p>El hecho se produjo en la noche del lunes, en un domicilio en Balcarce al 5100. Los dos hombres fueron<\/p>\n","protected":false},"author":2,"featured_media":15101,"comment_status":"closed","ping_status":"closed","sticky":false,"template":"","format":"standard","meta":{"_jetpack_memberships_contains_paid_content":false,"footnotes":""},"categories":[14,1],"tags":[],"class_list":["post-15098","post","type-post","status-publish","format-standard","has-post-thumbnail","hentry","category-policiales","category-portada"],"jetpack_featured_media_url":"https:\/\/i0.wp.com\/cdnoticias.com\/wp-content\/uploads\/2021\/03\/WhatsApp-Image-2021-03-02-at-08.34.03.jpeg?fit=1280%2C720&ssl=1","jetpack_sharing_enabled":true,"_links":{"self":[{"href":"https:\/\/cdnoticias.com\/index.php\/wp-json\/wp\/v2\/posts\/15098","targetHints":{"allow":["GET"]}}],"collection":[{"href":"https:\/\/cdnoticias.com\/index.php\/wp-json\/wp\/v2\/posts"}],"about":[{"href":"https:\/\/cdnoticias.com\/index.php\/wp-json\/wp\/v2\/types\/post"}],"author":[{"embeddable":true,"href":"https:\/\/cdnoticias.com\/index.php\/wp-json\/wp\/v2\/users\/2"}],"replies":[{"embeddable":true,"href":"https:\/\/cdnoticias.com\/index.php\/wp-json\/wp\/v2\/comments?post=15098"}],"version-history":[{"count":0,"href":"https:\/\/cdnoticias.com\/index.php\/wp-json\/wp\/v2\/posts\/15098\/revisions"}],"wp:featuredmedia":[{"embeddable":true,"href":"https:\/\/cdnoticias.com\/index.php\/wp-json\/wp\/v2\/media\/15101"}],"wp:attachment":[{"href":"https:\/\/cdnoticias.com\/index.php\/wp-json\/wp\/v2\/media?parent=15098"}],"wp:term":[{"taxonomy":"category","embeddable":true,"href":"https:\/\/cdnoticias.com\/index.php\/wp-json\/wp\/v2\/categories?post=15098"},{"taxonomy":"post_tag","embeddable":true,"href":"https:\/\/cdnoticias.com\/index.php\/wp-json\/wp\/v2\/tags?post=15098"}],"curies":[{"name":"wp","href":"https:\/\/api.w.org\/{rel}","templated":true}]}}