{"id":150970,"date":"2025-02-03T18:55:55","date_gmt":"2025-02-03T21:55:55","guid":{"rendered":"https:\/\/cdnoticias.com\/?p=150970"},"modified":"2025-02-03T18:55:58","modified_gmt":"2025-02-03T21:55:58","slug":"maria-albertina-muller-viuda-de-rojas-mary-q-e-p-d","status":"publish","type":"post","link":"https:\/\/cdnoticias.com\/index.php\/2025\/02\/03\/maria-albertina-muller-viuda-de-rojas-mary-q-e-p-d\/","title":{"rendered":"Mar\u00eda Albertina M\u00fcller Viuda De Rojas &#8220;Mary&#8221; (Q.E.P.D.)"},"content":{"rendered":"\n<hr class=\"wp-block-separator aligncenter has-alpha-channel-opacity\"\/>\n\n\n\n<p>Falleci\u00f3 en Olavarr\u00eda el 3 de febrero de 2025 a los 93 a\u00f1os. Sus hijos Vilma Graciela y Sergio H\u00e9ctor Rojas. Sus hijos pol\u00edticos Miguel Castellanos y Betty Colman Staldecker. Sus nietos Yesica, Diego, Paula, Leandro Rojas; German, Gabriel Castellanos; Carolina y Melanie; Sus nietas pol\u00edticas Natalia y Daiana. Sus bisnietos Sim\u00f3n, Enzo, Samael. Su hermana pol\u00edtica. Sus sobrinos. Sus sobrinos pol\u00edticos y dem\u00e1s deudos participan su fallecimiento.<\/p>\n\n\n\n<p>Sus restos ser\u00e1n velados desde el martes 4 de febrero a las 08:00 horas en la Sala de Espa\u00f1a 2942 departamento \u201cB\u201d hasta las 12:00 y cremados en el Crematorio Pinos de Paz en d\u00eda y horario a confirmar. Servicio adherido a Coopelectric.<\/p>\n\n\n\n<p>Nacida en Azul, vecina de barrio Microcentro, jubilada y pensionada.<\/p>\n","protected":false},"excerpt":{"rendered":"<p>Falleci\u00f3 en Olavarr\u00eda el 3 de febrero de 2025 a los 93 a\u00f1os. Sus hijos Vilma Graciela y Sergio H\u00e9ctor<\/p>\n","protected":false},"author":2,"featured_media":100390,"comment_status":"closed","ping_status":"closed","sticky":false,"template":"","format":"standard","meta":{"_jetpack_memberships_contains_paid_content":false,"footnotes":""},"categories":[10],"tags":[],"class_list":["post-150970","post","type-post","status-publish","format-standard","has-post-thumbnail","hentry","category-necrologicas"],"jetpack_featured_media_url":"https:\/\/i0.wp.com\/cdnoticias.com\/wp-content\/uploads\/2023\/10\/necrologicas-390-x-240.jpg?fit=390%2C240&ssl=1","jetpack_sharing_enabled":true,"_links":{"self":[{"href":"https:\/\/cdnoticias.com\/index.php\/wp-json\/wp\/v2\/posts\/150970","targetHints":{"allow":["GET"]}}],"collection":[{"href":"https:\/\/cdnoticias.com\/index.php\/wp-json\/wp\/v2\/posts"}],"about":[{"href":"https:\/\/cdnoticias.com\/index.php\/wp-json\/wp\/v2\/types\/post"}],"author":[{"embeddable":true,"href":"https:\/\/cdnoticias.com\/index.php\/wp-json\/wp\/v2\/users\/2"}],"replies":[{"embeddable":true,"href":"https:\/\/cdnoticias.com\/index.php\/wp-json\/wp\/v2\/comments?post=150970"}],"version-history":[{"count":0,"href":"https:\/\/cdnoticias.com\/index.php\/wp-json\/wp\/v2\/posts\/150970\/revisions"}],"wp:featuredmedia":[{"embeddable":true,"href":"https:\/\/cdnoticias.com\/index.php\/wp-json\/wp\/v2\/media\/100390"}],"wp:attachment":[{"href":"https:\/\/cdnoticias.com\/index.php\/wp-json\/wp\/v2\/media?parent=150970"}],"wp:term":[{"taxonomy":"category","embeddable":true,"href":"https:\/\/cdnoticias.com\/index.php\/wp-json\/wp\/v2\/categories?post=150970"},{"taxonomy":"post_tag","embeddable":true,"href":"https:\/\/cdnoticias.com\/index.php\/wp-json\/wp\/v2\/tags?post=150970"}],"curies":[{"name":"wp","href":"https:\/\/api.w.org\/{rel}","templated":true}]}}