{"id":15097,"date":"2021-03-02T08:55:57","date_gmt":"2021-03-02T11:55:57","guid":{"rendered":"http:\/\/www.centraldenoticias.com.ar\/?p=15097"},"modified":"2021-03-02T08:55:57","modified_gmt":"2021-03-02T11:55:57","slug":"aprehendida-por-infraccion-a-una-medida-del-juzgado-de-familia","status":"publish","type":"post","link":"https:\/\/cdnoticias.com\/index.php\/2021\/03\/02\/aprehendida-por-infraccion-a-una-medida-del-juzgado-de-familia\/","title":{"rendered":"Aprehendida por infracci\u00f3n a una medida del Juzgado de Familia"},"content":{"rendered":"<p>Fue en Yrigoyen al 3600. La joven fue acusada de quebrantar una prohibici\u00f3n de acercamiento.<!--more--><\/p>\n<hr \/>\n<p><strong>Una joven de 20 a\u00f1os fue aprehendida ayer en Hip\u00f3lito Yrigoyen al 3600<\/strong>. Se inform\u00f3 que hab\u00eda <strong>quebrantado una medida cautelar dispuesta por el Juzgado de Familia N.\u00ba 1<\/strong> , en este caso por prohibici\u00f3n de acercamiento y per\u00edmetro de exclusi\u00f3n.<\/p>\n<p>Intervino el personal del Comando de Patrullas Olavarr\u00eda con colaboraci\u00f3n de personal de comisar\u00eda Segunda, tras un llamado al 911.<\/p>\n<p>La joven fue trasladada y alojada en sede policial a disposici\u00f3n de la Secretar\u00eda Especializada en Violencia Familiar y de G\u00e9nero.<\/p>\n","protected":false},"excerpt":{"rendered":"<p>Fue en Yrigoyen al 3600. La joven fue acusada de quebrantar una prohibici\u00f3n de acercamiento.<\/p>\n","protected":false},"author":4,"featured_media":15099,"comment_status":"closed","ping_status":"closed","sticky":false,"template":"","format":"standard","meta":{"_jetpack_memberships_contains_paid_content":false,"footnotes":""},"categories":[14,1],"tags":[],"class_list":["post-15097","post","type-post","status-publish","format-standard","has-post-thumbnail","hentry","category-policiales","category-portada"],"jetpack_featured_media_url":"https:\/\/i0.wp.com\/cdnoticias.com\/wp-content\/uploads\/2021\/03\/Yrigoyen3600d.jpg?fit=800%2C445&ssl=1","jetpack_sharing_enabled":true,"_links":{"self":[{"href":"https:\/\/cdnoticias.com\/index.php\/wp-json\/wp\/v2\/posts\/15097","targetHints":{"allow":["GET"]}}],"collection":[{"href":"https:\/\/cdnoticias.com\/index.php\/wp-json\/wp\/v2\/posts"}],"about":[{"href":"https:\/\/cdnoticias.com\/index.php\/wp-json\/wp\/v2\/types\/post"}],"author":[{"embeddable":true,"href":"https:\/\/cdnoticias.com\/index.php\/wp-json\/wp\/v2\/users\/4"}],"replies":[{"embeddable":true,"href":"https:\/\/cdnoticias.com\/index.php\/wp-json\/wp\/v2\/comments?post=15097"}],"version-history":[{"count":0,"href":"https:\/\/cdnoticias.com\/index.php\/wp-json\/wp\/v2\/posts\/15097\/revisions"}],"wp:featuredmedia":[{"embeddable":true,"href":"https:\/\/cdnoticias.com\/index.php\/wp-json\/wp\/v2\/media\/15099"}],"wp:attachment":[{"href":"https:\/\/cdnoticias.com\/index.php\/wp-json\/wp\/v2\/media?parent=15097"}],"wp:term":[{"taxonomy":"category","embeddable":true,"href":"https:\/\/cdnoticias.com\/index.php\/wp-json\/wp\/v2\/categories?post=15097"},{"taxonomy":"post_tag","embeddable":true,"href":"https:\/\/cdnoticias.com\/index.php\/wp-json\/wp\/v2\/tags?post=15097"}],"curies":[{"name":"wp","href":"https:\/\/api.w.org\/{rel}","templated":true}]}}