{"id":150950,"date":"2025-02-03T17:35:58","date_gmt":"2025-02-03T20:35:58","guid":{"rendered":"https:\/\/cdnoticias.com\/?p=150950"},"modified":"2025-02-03T17:36:02","modified_gmt":"2025-02-03T20:36:02","slug":"segunda-jornada-del-paseo-guiado-por-parques-monumentos-y-puentes","status":"publish","type":"post","link":"https:\/\/cdnoticias.com\/index.php\/2025\/02\/03\/segunda-jornada-del-paseo-guiado-por-parques-monumentos-y-puentes\/","title":{"rendered":"Segunda jornada del Paseo Guiado por Parques, Monumentos y Puentes"},"content":{"rendered":"\n<p>Ser\u00e1 el pr\u00f3ximo 13 de febrero con inscripci\u00f3n previa. La primera edici\u00f3n tuvo un gran acompa\u00f1amiento de olavarrienses.<\/p>\n\n\n\n<hr class=\"wp-block-separator aligncenter has-alpha-channel-opacity\"\/>\n\n\n\n<p>Un<strong> gran marco de p\u00fablico<\/strong> particip\u00f3 del <strong>primer Paseo Guiado por Parques, Monumentos y Paseos,<\/strong> otra de las propuestas recreativas y culturales que integran el Programa Municipal \u201c<strong>Olavarr\u00eda en Verano\u201d<\/strong>.\u00a0<\/p>\n\n\n\n<p><\/p>\n\n\n\n<p>Se trat\u00f3 de la jornada que d\u00edas atr\u00e1s debi\u00f3 ser postergada d\u00edas atr\u00e1s debido al pron\u00f3stico de fuertes tormentas, pero que en las \u00faltimas horas logr\u00f3 concretarse con un muy buen acompa\u00f1amiento.<\/p>\n\n\n\n<p><\/p>\n\n\n\n<p>La actividad fue encabezada desde la<strong> Coordinaci\u00f3n de Turismo del Municipio de Olavarr\u00eda <\/strong>y se inici\u00f3 alrededor de las 19:30, con punto de encuentro y salida en el Monumento al General San Mart\u00edn, situado sobre Almirante Brown y V\u00e9lez Sarsfield, en la Plaza Aguado.<\/p>\n\n\n\n<p><\/p>\n\n\n\n<blockquote class=\"wp-block-quote is-layout-flow wp-block-quote-is-layout-flow\">\n<p>Desde all\u00ed se inici\u00f3 un recorrido por cada uno de los monumentos situados sobre el Parque Mitre, como as\u00ed tambi\u00e9n sus puentes, con el objetivo de conocer cada uno de los sitios de inter\u00e9s hist\u00f3rico, patrimonial y geogr\u00e1fico. La propuesta busca que la comunidad no solo disfrute del paisaje, sino tambi\u00e9n que conozca las historias del lugar.<\/p>\n<\/blockquote>\n\n\n\n<p><\/p>\n\n\n\n<figure class=\"wp-block-image aligncenter size-full\"><img data-recalc-dims=\"1\" loading=\"lazy\" decoding=\"async\" width=\"800\" height=\"418\" src=\"https:\/\/i0.wp.com\/cdnoticias.com\/wp-content\/uploads\/2025\/02\/paseos-guiados-ciudad.png?resize=800%2C418&#038;ssl=1\" alt=\"\" class=\"wp-image-150952\" srcset=\"https:\/\/i0.wp.com\/cdnoticias.com\/wp-content\/uploads\/2025\/02\/paseos-guiados-ciudad.png?w=889&amp;ssl=1 889w, https:\/\/i0.wp.com\/cdnoticias.com\/wp-content\/uploads\/2025\/02\/paseos-guiados-ciudad.png?resize=300%2C157&amp;ssl=1 300w, https:\/\/i0.wp.com\/cdnoticias.com\/wp-content\/uploads\/2025\/02\/paseos-guiados-ciudad.png?resize=768%2C402&amp;ssl=1 768w, https:\/\/i0.wp.com\/cdnoticias.com\/wp-content\/uploads\/2025\/02\/paseos-guiados-ciudad.png?resize=390%2C205&amp;ssl=1 390w\" sizes=\"auto, (max-width: 800px) 100vw, 800px\" \/><\/figure>\n\n\n\n<p><\/p>\n\n\n\n<p>La actividad, adem\u00e1s, fue pensada para poder disfrutarla en familia, con un recorrido de baja intensidad tanto en su extensi\u00f3n como en su duraci\u00f3n.\u00a0Es por ello que se renueva la invitaci\u00f3n a toda la comunidad para que sean parte de la<strong> segunda jornada, que se realizar\u00e1 el pr\u00f3ximo 13 de febrero,<\/strong> tambi\u00e9n desde el <strong>Monumento al General San Mart\u00edn.<\/strong><\/p>\n\n\n\n<p><\/p>\n\n\n\n<p>Las personas interesadas en sumarse podr\u00e1n anotarse <strong>a trav\u00e9s del formulario online <\/strong>al que se accede haciendo <a href=\"https:\/\/forms.gle\/4sxSdX7DVPuwFwH78\" target=\"_blank\" rel=\"noreferrer noopener\"><strong><em>click aqu\u00ed<\/em><\/strong><\/a>.\u00a0 La concentraci\u00f3n ser\u00e1 a partir de las 19:15 horas, para poder dar inicio a la actividad a las 19:30 horas.<\/p>\n\n\n\n<p><\/p>\n\n\n\n<p>Quienes participen deber\u00e1n acercarse con ropa c\u00f3moda y se las invita adem\u00e1s a traer equipo de mate o hidrataci\u00f3n.<\/p>\n\n\n\n<p><\/p>\n","protected":false},"excerpt":{"rendered":"<p>Ser\u00e1 el pr\u00f3ximo 13 de febrero con inscripci\u00f3n previa. La primera edici\u00f3n tuvo un gran acompa\u00f1amiento de olavarrienses. Un gran<\/p>\n","protected":false},"author":6,"featured_media":150951,"comment_status":"closed","ping_status":"closed","sticky":false,"template":"","format":"standard","meta":{"_jetpack_memberships_contains_paid_content":false,"footnotes":""},"categories":[5,1],"tags":[],"class_list":["post-150950","post","type-post","status-publish","format-standard","has-post-thumbnail","hentry","category-informacion-general","category-portada"],"jetpack_featured_media_url":"https:\/\/i0.wp.com\/cdnoticias.com\/wp-content\/uploads\/2025\/02\/paseos-guiados-ciudad1.jpg?fit=900%2C553&ssl=1","jetpack_sharing_enabled":true,"_links":{"self":[{"href":"https:\/\/cdnoticias.com\/index.php\/wp-json\/wp\/v2\/posts\/150950","targetHints":{"allow":["GET"]}}],"collection":[{"href":"https:\/\/cdnoticias.com\/index.php\/wp-json\/wp\/v2\/posts"}],"about":[{"href":"https:\/\/cdnoticias.com\/index.php\/wp-json\/wp\/v2\/types\/post"}],"author":[{"embeddable":true,"href":"https:\/\/cdnoticias.com\/index.php\/wp-json\/wp\/v2\/users\/6"}],"replies":[{"embeddable":true,"href":"https:\/\/cdnoticias.com\/index.php\/wp-json\/wp\/v2\/comments?post=150950"}],"version-history":[{"count":0,"href":"https:\/\/cdnoticias.com\/index.php\/wp-json\/wp\/v2\/posts\/150950\/revisions"}],"wp:featuredmedia":[{"embeddable":true,"href":"https:\/\/cdnoticias.com\/index.php\/wp-json\/wp\/v2\/media\/150951"}],"wp:attachment":[{"href":"https:\/\/cdnoticias.com\/index.php\/wp-json\/wp\/v2\/media?parent=150950"}],"wp:term":[{"taxonomy":"category","embeddable":true,"href":"https:\/\/cdnoticias.com\/index.php\/wp-json\/wp\/v2\/categories?post=150950"},{"taxonomy":"post_tag","embeddable":true,"href":"https:\/\/cdnoticias.com\/index.php\/wp-json\/wp\/v2\/tags?post=150950"}],"curies":[{"name":"wp","href":"https:\/\/api.w.org\/{rel}","templated":true}]}}