{"id":150948,"date":"2025-02-04T12:52:26","date_gmt":"2025-02-04T15:52:26","guid":{"rendered":"https:\/\/cdnoticias.com\/?p=150948"},"modified":"2025-02-04T12:55:20","modified_gmt":"2025-02-04T15:55:20","slug":"temporada-2025-en-destinos-bonaerenses-impacto-economico-negativo-con-un-desplome-del-25","status":"publish","type":"post","link":"https:\/\/cdnoticias.com\/index.php\/2025\/02\/04\/temporada-2025-en-destinos-bonaerenses-impacto-economico-negativo-con-un-desplome-del-25\/","title":{"rendered":"Temporada 2025 en destinos bonaerenses: impacto econ\u00f3mico negativo, con un desplome del 25%"},"content":{"rendered":"\n<p>El ministro de Producci\u00f3n, Ciencia e Innovaci\u00f3n Tecnol\u00f3gica, Augusto Costa, dio n\u00fameros concretos del saldo econ\u00f3mico de la temporada en los destinos tur\u00edsticos de la provincia. Criticas a Daniel Scioli por la ca\u00edda de la app cuenta DNI.<\/p>\n\n\n\n<hr class=\"wp-block-separator aligncenter has-alpha-channel-opacity\"\/>\n\n\n\n<p>En el marco de la<strong> segunda Conferencia de Verano<\/strong> de la temporada del gobierno bonaerense, realizada en la localidad de Pehu\u00e9n-C\u00f3, partido de Coronel Rosales, el ministro de Producci\u00f3n, Ciencia e Innovaci\u00f3n Tecnol\u00f3gica, <strong>Augusto Costa, dio n\u00fameros concretos de la temporada en los destinos bonaerenses,<\/strong> y precis\u00f3 que el <strong>consumo y las ganancias para el sector cayeron un 25%.<\/strong><\/p>\n\n\n\n<p><\/p>\n\n\n\n<p>En esa l\u00ednea, precis\u00f3 que <strong><em>\u201cen el acumulado de toda la temporada, desde el 1\u00ba de diciembre, hubo 6 millones de turistas en los destinos de la provincia, un 6,3% menos que la temporada anterior\u201d.&nbsp;<\/em><\/strong><\/p>\n\n\n\n<p><\/p>\n\n\n\n<blockquote class=\"wp-block-quote is-layout-flow wp-block-quote-is-layout-flow\">\n<p>Asimismo, Costa expres\u00f3 que, seg\u00fan los datos de las transacciones del Banco Provincia, el consumo se desplom\u00f3 y, particularmente con la app cuenta DNI, cay\u00f3 un 28%.<\/p>\n<\/blockquote>\n\n\n\n<p><\/p>\n\n\n\n<p>Si bien el promedio de la <strong>ocupaci\u00f3n hotelera <\/strong>hasta el momento <strong>alcanza el 77%<\/strong>, la realidad es que \u201c<strong>se desplom\u00f3 el consumo, tanto por cantidad de visitantes como por d\u00edas de estad\u00eda, lo que es preocupante\u201d<\/strong>. <\/p>\n\n\n\n<p><\/p>\n\n\n\n<figure class=\"wp-block-image aligncenter size-large\"><img data-recalc-dims=\"1\" loading=\"lazy\" decoding=\"async\" width=\"800\" height=\"534\" src=\"https:\/\/i0.wp.com\/cdnoticias.com\/wp-content\/uploads\/2020\/11\/playa-sombrilla-scaled.jpeg?resize=800%2C534&#038;ssl=1\" alt=\"\" class=\"wp-image-6008\" srcset=\"https:\/\/i0.wp.com\/cdnoticias.com\/wp-content\/uploads\/2020\/11\/playa-sombrilla-scaled.jpeg?resize=1024%2C683&amp;ssl=1 1024w, https:\/\/i0.wp.com\/cdnoticias.com\/wp-content\/uploads\/2020\/11\/playa-sombrilla-scaled.jpeg?resize=300%2C200&amp;ssl=1 300w, https:\/\/i0.wp.com\/cdnoticias.com\/wp-content\/uploads\/2020\/11\/playa-sombrilla-scaled.jpeg?resize=768%2C512&amp;ssl=1 768w, https:\/\/i0.wp.com\/cdnoticias.com\/wp-content\/uploads\/2020\/11\/playa-sombrilla-scaled.jpeg?resize=272%2C182&amp;ssl=1 272w, https:\/\/i0.wp.com\/cdnoticias.com\/wp-content\/uploads\/2020\/11\/playa-sombrilla-scaled.jpeg?w=1600&amp;ssl=1 1600w, https:\/\/i0.wp.com\/cdnoticias.com\/wp-content\/uploads\/2020\/11\/playa-sombrilla-scaled.jpeg?w=2400&amp;ssl=1 2400w\" sizes=\"auto, (max-width: 800px) 100vw, 800px\" \/><\/figure>\n\n\n\n<p><\/p>\n\n\n\n<blockquote class=\"wp-block-quote is-layout-flow wp-block-quote-is-layout-flow\">\n<p>As\u00ed, el impacto econ\u00f3mico de esta temporada \u201ces negativo\u201d en los municipios que se dedican a la actividad tur\u00edstica.&nbsp;\u201c\u00bfCu\u00e1nto le queda del turismo? A los comerciantes, hoteles, gastron\u00f3micos, a todos los trabajadores del sector les queda un 25% menos de ganancias que el a\u00f1o anterior\u201d, asever\u00f3 el ministro.&nbsp;\u201cLas familias de estos municipios vienen recibiendo un cuarto menos que antes, que lo que esperaban para la temporada\u201d agreg\u00f3.&nbsp;<\/p>\n<\/blockquote>\n\n\n\n<p><\/p>\n\n\n\n<h2 class=\"wp-block-heading\"><strong>El \u00e9xodo al exterior y cr\u00edticas a Scioli<\/strong><\/h2>\n\n\n\n<p>Costa analiz\u00f3 que <strong>el impacto econ\u00f3mico negativo de la temporada <\/strong>tambi\u00e9n est\u00e1 relacionado con otro hecho, que es <strong>la cantidad de turistas que viajan al exterior.<\/strong>&nbsp;<\/p>\n\n\n\n<p><\/p>\n\n\n\n<p>\u201c<strong><em>En diciembre, un 50% m\u00e1s de turistas argentinos viajaron al exterior, y lo que estamos viendo es que muchos potenciales turistas de la provincia de Buenos Aires est\u00e1n eligiendo esos destinos<\/em><\/strong>\u201d, indic\u00f3 el funcionario.&nbsp;<\/p>\n\n\n\n<p><\/p>\n\n\n\n<blockquote class=\"wp-block-quote is-layout-flow wp-block-quote-is-layout-flow\">\n<p>\u201cMucho de esto tiene que ver con la deserci\u00f3n absoluta del gobierno nacional en materia de pol\u00edtica tur\u00edstica y en el esquema de pol\u00edtica econ\u00f3mica\u201d explic\u00f3 el funcionaroi. <\/p>\n<\/blockquote>\n\n\n\n<p><\/p>\n\n\n\n<p>En esa l\u00ednea de an\u00e1lisis acerca del impacto regional que tiene la conducta de <strong>muchos turistas que eligen viajar, por ejemplo, a Brasil, tras la devaluaci\u00f3n del Real,<\/strong> el ministro bonaerense <strong>critic\u00f3 duramente a Daniel Scioli,<\/strong> actual Secretario de Turismo, Ambiente y Deportes del gobierno de Javier Milei y exgobernador de la provincia de Buenos Aires, en tiempos de afiliaci\u00f3n peronista.<\/p>\n\n\n\n<figure class=\"wp-block-image aligncenter size-full\"><img data-recalc-dims=\"1\" loading=\"lazy\" decoding=\"async\" width=\"800\" height=\"450\" src=\"https:\/\/i0.wp.com\/cdnoticias.com\/wp-content\/uploads\/2020\/10\/playa.jpg?resize=800%2C450&#038;ssl=1\" alt=\"\" class=\"wp-image-4163\" srcset=\"https:\/\/i0.wp.com\/cdnoticias.com\/wp-content\/uploads\/2020\/10\/playa.jpg?w=1004&amp;ssl=1 1004w, https:\/\/i0.wp.com\/cdnoticias.com\/wp-content\/uploads\/2020\/10\/playa.jpg?resize=300%2C169&amp;ssl=1 300w, https:\/\/i0.wp.com\/cdnoticias.com\/wp-content\/uploads\/2020\/10\/playa.jpg?resize=768%2C432&amp;ssl=1 768w\" sizes=\"auto, (max-width: 800px) 100vw, 800px\" \/><\/figure>\n\n\n\n<p><\/p>\n\n\n\n<p><strong><em>\u201cEl secretario de Turismo del gobierno nacional parece un comentarista de situaciones que solo \u00e9l ve, se agarra de un datito y parece no hacerse cargo de lo que est\u00e1 pasando, y esto es informaci\u00f3n objetiva y no se est\u00e1 haciendo responsable\u201d<\/em><\/strong>, expres\u00f3 Costa.<\/p>\n\n\n\n<p><\/p>\n\n\n\n<p>El funcionario provincial hizo referencia a un hilo publicado en la red social X por Scioli, donde el funcionario \u201cse vanaglori\u00f3 de estar dando una batalla cultural en el sector tur\u00edstico\u201d, con un criterio donde <strong>\u201cel Estado no tiene que tener responsabilidad o actividad, y no tiene que regular nada<\/strong>\u201d, apuntando que \u201clo que se ven\u00eda haciendo en el pa\u00eds hasta ahora est\u00e1 mal, y hay que desregular y no encargarse de nada\u201d.<\/p>\n\n\n\n<p><\/p>\n\n\n\n<blockquote class=\"wp-block-quote is-layout-flow wp-block-quote-is-layout-flow\">\n<p>En su an\u00e1lisis, Costa remarc\u00f3: \u201cOfrece conceptos incre\u00edbles, se enorgullece de esta pol\u00edtica sin programas como fue el Pre Viaje, que ayud\u00f3 a blanquear al sector, ni pol\u00edticas de recuperaci\u00f3n del turismo\u201d.<\/p>\n<\/blockquote>\n\n\n\n<p><\/p>\n\n\n\n<h2 class=\"wp-block-heading\"><strong>Datos de la segunda quincena de enero<\/strong><\/h2>\n\n\n\n<p>Respecto a la <strong>segunda quincena de enero<\/strong>, la m\u00e1s fuerte del verano, Costa comparti\u00f3 algunos n\u00fameros sistematizados hasta el momento: el ministro indic\u00f3 que <strong>hubo 1 mill\u00f3n 900 mil turistas en los diferentes destinos de la provincia, <\/strong>dato que si bien marca un magro repunte del 0,6% respecto al mismo per\u00edodo de 2023, representa un 1,7% menos en comparaci\u00f3n a 2022.<\/p>\n\n\n\n<p><\/p>\n\n\n\n<blockquote class=\"wp-block-quote is-layout-flow wp-block-quote-is-layout-flow\">\n<p>\u201cLas dos temporadas con (Javier) Milei de presidente dejaron \u00edndices menores de lo que se esperaba\u201d, remarc\u00f3 Costa.&nbsp; \u201cDe acuerdo a lo esperado hubo una cantidad similar de turistas pero con menor consumo y un promedio de cuatro d\u00edas de estad\u00eda\u201d precis\u00f3.&nbsp;<\/p>\n<\/blockquote>\n\n\n\n<p><\/p>\n\n\n\n<p>Seg\u00fan las <strong>transacciones del Banco Provincia,<\/strong> durante la segunda quincena <strong>la ca\u00edda del consumo fue del 8,1% <\/strong>en monto promedio con la <strong>aplicaci\u00f3n Cuenta DNI, <\/strong>al tiempo que <strong>las compras con tarjeta cr\u00e9dito y d\u00e9bito de todos los bancos y medios de pago cayeron un 5%.&nbsp;<\/strong><\/p>\n\n\n\n<p><\/p>\n\n\n\n<p>Esto demuestra, seg\u00fan analiz\u00f3 el ministro, que si bien en este per\u00edodo hubo pr\u00e1cticamente los mismos turistas que el a\u00f1o pasado, el consumo fue menor.<\/p>\n\n\n\n<p><\/p>\n\n\n\n<p>La<strong> ocupaci\u00f3n hotelera en 36 municipios relevados fue del 82% en segunda quincena en promedio, <\/strong>pero con <strong>movimiento dispar, <\/strong>ya que en algunos subi\u00f3 la ocupaci\u00f3n hotelera y en otros baj\u00f3 respecto a la expectativas, que se miden en comparaci\u00f3n a la temporada precedente.<\/p>\n\n\n\n<p><\/p>\n\n\n\n<p>Un dato saliente es la duraci\u00f3n de la estad\u00eda promedio de los turistas: <strong>los niveles son m\u00e1s cortos, por debajo de los 4 d\u00edas, mientras que la permanencia de una semana o m\u00e1s son cada vez m\u00e1s acotadas.&nbsp;<\/strong><\/p>\n\n\n\n<p><\/p>\n\n\n\n<p><em>Fuente: DIB&nbsp;<\/em><\/p>\n\n\n\n<p><\/p>\n","protected":false},"excerpt":{"rendered":"<p>El ministro de Producci\u00f3n, Ciencia e Innovaci\u00f3n Tecnol\u00f3gica, Augusto Costa, dio n\u00fameros concretos del saldo econ\u00f3mico de la temporada en<\/p>\n","protected":false},"author":6,"featured_media":142623,"comment_status":"closed","ping_status":"closed","sticky":false,"template":"","format":"standard","meta":{"_jetpack_memberships_contains_paid_content":false,"footnotes":""},"categories":[6,1],"tags":[],"class_list":["post-150948","post","type-post","status-publish","format-standard","has-post-thumbnail","hentry","category-nacionales","category-portada"],"jetpack_featured_media_url":"https:\/\/i0.wp.com\/cdnoticias.com\/wp-content\/uploads\/2025\/01\/playa-necochea.jpg?fit=696%2C392&ssl=1","jetpack_sharing_enabled":true,"_links":{"self":[{"href":"https:\/\/cdnoticias.com\/index.php\/wp-json\/wp\/v2\/posts\/150948","targetHints":{"allow":["GET"]}}],"collection":[{"href":"https:\/\/cdnoticias.com\/index.php\/wp-json\/wp\/v2\/posts"}],"about":[{"href":"https:\/\/cdnoticias.com\/index.php\/wp-json\/wp\/v2\/types\/post"}],"author":[{"embeddable":true,"href":"https:\/\/cdnoticias.com\/index.php\/wp-json\/wp\/v2\/users\/6"}],"replies":[{"embeddable":true,"href":"https:\/\/cdnoticias.com\/index.php\/wp-json\/wp\/v2\/comments?post=150948"}],"version-history":[{"count":0,"href":"https:\/\/cdnoticias.com\/index.php\/wp-json\/wp\/v2\/posts\/150948\/revisions"}],"wp:featuredmedia":[{"embeddable":true,"href":"https:\/\/cdnoticias.com\/index.php\/wp-json\/wp\/v2\/media\/142623"}],"wp:attachment":[{"href":"https:\/\/cdnoticias.com\/index.php\/wp-json\/wp\/v2\/media?parent=150948"}],"wp:term":[{"taxonomy":"category","embeddable":true,"href":"https:\/\/cdnoticias.com\/index.php\/wp-json\/wp\/v2\/categories?post=150948"},{"taxonomy":"post_tag","embeddable":true,"href":"https:\/\/cdnoticias.com\/index.php\/wp-json\/wp\/v2\/tags?post=150948"}],"curies":[{"name":"wp","href":"https:\/\/api.w.org\/{rel}","templated":true}]}}