{"id":150942,"date":"2025-02-03T18:03:53","date_gmt":"2025-02-03T21:03:53","guid":{"rendered":"https:\/\/cdnoticias.com\/?p=150942"},"modified":"2025-02-03T18:03:57","modified_gmt":"2025-02-03T21:03:57","slug":"sturzenegger-celebro-que-echo-37-595-empleados-estatales-durante-2024","status":"publish","type":"post","link":"https:\/\/cdnoticias.com\/index.php\/2025\/02\/03\/sturzenegger-celebro-que-echo-37-595-empleados-estatales-durante-2024\/","title":{"rendered":"Sturzenegger celebr\u00f3 que ech\u00f3 37.595 empleados estatales durante 2024"},"content":{"rendered":"\n<p>De acuerdo al informe oficial, la \u201cmotosierra\u201d aplicada en el sector se concentr\u00f3 sobre todo en la Administraci\u00f3n P\u00fablica Nacional (APN), en las empresas estatales y en las Fuerzas Armadas y de seguridad.<\/p>\n\n\n\n<hr class=\"wp-block-separator aligncenter has-alpha-channel-opacity\"\/>\n\n\n\n<p>El Ministerio de Desregulaci\u00f3n y Transformaci\u00f3n del Estado, <strong>Federico Sturzenegger<\/strong>, comunic\u00f3 los <strong>datos actualizados del recorte realizado en el empleo p\u00fablico <\/strong>y adem\u00e1s especific\u00f3 la <strong>distribuci\u00f3n de la reducci\u00f3n de personal<\/strong> en los distintos sectores de la administraci\u00f3n.<\/p>\n\n\n\n<p><\/p>\n\n\n\n<p>De acuerdo al informe oficial,<strong> la \u201cmotosierra\u201d aplicada en el sector se concentr\u00f3 sobre todo en la Administraci\u00f3n P\u00fablica Nacional <\/strong>(APN), en las<strong> empresas estatales y en las Fuerzas Armadas y de seguridad<\/strong> tomando como punto de referencia diciembre de 2023.<\/p>\n\n\n\n<p><\/p>\n\n\n\n<blockquote class=\"wp-block-quote is-layout-flow wp-block-quote-is-layout-flow\">\n<p>Sturzenegger, poste\u00f3 en su cuenta de X un gr\u00e1fico con los datos actualizados hasta diciembre de 2024 y asegur\u00f3: \u201cBajar el gasto p\u00fablico es lo que permite bajar impuestos sin comprometer el equilibrio fiscal. Aqu\u00ed los datos de empleo p\u00fablico actualizados a diciembre. VLLC!\u201d.\u00a0<\/p>\n<\/blockquote>\n\n\n\n<p><\/p>\n\n\n\n<p>Seg\u00fan estas cifras oficiales, <strong>la eliminaci\u00f3n de puestos de trabajo en el sector p\u00fablico alcanz\u00f3 un total de 37.595 empleos en el primer a\u00f1o de gesti\u00f3n <\/strong>del presidente Javier Milei.<\/p>\n\n\n\n<p><\/p>\n\n\n\n<p>Los datos oficiales del Ministerio de Desregulaci\u00f3n muestran el impacto sector por sector.\u00a0El mayor recorte se produjo en la Administraci\u00f3n Centralizada y Descentralizada, con <strong>22.302 empleos menos<\/strong>. En el caso de las empresas estatales, la \u201cmotosierra\u201d<strong> recort\u00f3 12.410 puestos de trabajo<\/strong>, mientras que entre el personal de seguridad y militar, <strong>el recorte fue de 2.883 empleos.<\/strong><\/p>\n\n\n\n<p><\/p>\n\n\n\n<p>La cartera que dirige Sturzenegger difundi\u00f3 hace un mes que <strong>los recortes hasta noviembre alcanzaban a 35.916 empleos.<\/strong> En ese entonces, se dijo que afectaba al 7,2% del total de empleados p\u00fablicos.\u00a0<\/p>\n\n\n\n<p><\/p>\n\n\n\n<p><em>Fuente: DIB\u00a0<\/em><\/p>\n","protected":false},"excerpt":{"rendered":"<p>De acuerdo al informe oficial, la \u201cmotosierra\u201d aplicada en el sector se concentr\u00f3 sobre todo en la Administraci\u00f3n P\u00fablica Nacional<\/p>\n","protected":false},"author":6,"featured_media":126409,"comment_status":"closed","ping_status":"closed","sticky":false,"template":"","format":"standard","meta":{"_jetpack_memberships_contains_paid_content":false,"footnotes":""},"categories":[6,1],"tags":[],"class_list":["post-150942","post","type-post","status-publish","format-standard","has-post-thumbnail","hentry","category-nacionales","category-portada"],"jetpack_featured_media_url":"https:\/\/i0.wp.com\/cdnoticias.com\/wp-content\/uploads\/2024\/09\/sturzenegger-DIB.jpg?fit=696%2C391&ssl=1","jetpack_sharing_enabled":true,"_links":{"self":[{"href":"https:\/\/cdnoticias.com\/index.php\/wp-json\/wp\/v2\/posts\/150942","targetHints":{"allow":["GET"]}}],"collection":[{"href":"https:\/\/cdnoticias.com\/index.php\/wp-json\/wp\/v2\/posts"}],"about":[{"href":"https:\/\/cdnoticias.com\/index.php\/wp-json\/wp\/v2\/types\/post"}],"author":[{"embeddable":true,"href":"https:\/\/cdnoticias.com\/index.php\/wp-json\/wp\/v2\/users\/6"}],"replies":[{"embeddable":true,"href":"https:\/\/cdnoticias.com\/index.php\/wp-json\/wp\/v2\/comments?post=150942"}],"version-history":[{"count":0,"href":"https:\/\/cdnoticias.com\/index.php\/wp-json\/wp\/v2\/posts\/150942\/revisions"}],"wp:featuredmedia":[{"embeddable":true,"href":"https:\/\/cdnoticias.com\/index.php\/wp-json\/wp\/v2\/media\/126409"}],"wp:attachment":[{"href":"https:\/\/cdnoticias.com\/index.php\/wp-json\/wp\/v2\/media?parent=150942"}],"wp:term":[{"taxonomy":"category","embeddable":true,"href":"https:\/\/cdnoticias.com\/index.php\/wp-json\/wp\/v2\/categories?post=150942"},{"taxonomy":"post_tag","embeddable":true,"href":"https:\/\/cdnoticias.com\/index.php\/wp-json\/wp\/v2\/tags?post=150942"}],"curies":[{"name":"wp","href":"https:\/\/api.w.org\/{rel}","templated":true}]}}