{"id":150914,"date":"2025-02-03T12:40:02","date_gmt":"2025-02-03T15:40:02","guid":{"rendered":"https:\/\/cdnoticias.com\/?p=150914"},"modified":"2025-02-03T12:40:06","modified_gmt":"2025-02-03T15:40:06","slug":"bolivar-choque-fatal-sobre-la-ruta-226","status":"publish","type":"post","link":"https:\/\/cdnoticias.com\/index.php\/2025\/02\/03\/bolivar-choque-fatal-sobre-la-ruta-226\/","title":{"rendered":"Bol\u00edvar: choque fatal sobre la ruta 226"},"content":{"rendered":"<p>Una mujer falleci\u00f3 este lunes por la ma\u00f1ana en el siniestro registrado entre Las Cavas y el Club Buenos Aires. Chocaron dos autos frontalmente.<!--more--><\/p>\n<hr \/>\n<p>A las <strong>7.45 de la ma\u00f1ana<\/strong> de este lunes se produjo un<strong> tr\u00e1gico accidente en la Ruta 226<\/strong> en el distrito de <strong>Bol\u00edvar<\/strong> donde <strong>una persona falleci\u00f3.<\/strong><\/p>\n<p>Diario La Ma\u00f1ana inform\u00f3 que el caso ocurri\u00f3<strong> a unos 500 metros de la estaci\u00f3n de servicio Las Cavas<\/strong> y como consecuencia encontr\u00f3 la muerte una joven mujer bolivarense que circulaba con destino hacia esa ciudad.<\/p>\n<blockquote><p>En el caso se vieron involucrados dos autom\u00f3viles. Un Fiat Palio conducido, seg\u00fan datos no oficiales, por Martina Di Maggio, de 24 a\u00f1os y un Chrevolet Joy en el que viajaban dos personas oriundas de la provincia de San Luis y se dirig\u00edan a Villa Gesell.<\/p><\/blockquote>\n<p>De acuerdo a datos que pudo colectar el medio de la vecina ciudad, la pareja puntana hab\u00eda desayunado en Las Cavas y retomaban su viaje vacacional, en tanto Di Maggio lo hac\u00eda en sentido contrario cuando, imprevistamente, los veh\u00edculos colisionaron pr\u00e1cticamente de frente.<\/p>\n<blockquote><p>Trasladado personal del servicio de emergencias local hacia el lugar se constat\u00f3 el fallecimiento en el acto de la infortunada joven bolivarense quien, seg\u00fan tambi\u00e9n informaci\u00f3n suministrada por fuentes no oficiales, regresaba en ese momento desde Vallimanca, donde reside.<\/p><\/blockquote>\n<p>En tanto, <strong>los ocupantes del Chevolet Joy fueron llevados por precauci\u00f3n al Hospital Capredoni<\/strong> aunque solo la mujer present\u00f3 una herida leve en una de sus piernas, motivo por el cual, inmediatamente que fue atendida y se le otorg\u00f3 el alta.<\/p>\n<p><strong>El tr\u00e1nsito en la ruta permaneci\u00f3 cortado<\/strong> para facilitar la labor del personal perteneciente al Cuerpo de Polic\u00eda Forense.<\/p>\n<p>Fuente y fotos: <em>Diario La Ma\u00f1ana<\/em><\/p>\n","protected":false},"excerpt":{"rendered":"<p>Una mujer falleci\u00f3 este lunes por la ma\u00f1ana en el siniestro registrado entre Las Cavas y el Club Buenos Aires.<\/p>\n","protected":false},"author":4,"featured_media":150916,"comment_status":"closed","ping_status":"closed","sticky":false,"template":"","format":"standard","meta":{"_jetpack_memberships_contains_paid_content":false,"footnotes":""},"categories":[6,1],"tags":[],"class_list":["post-150914","post","type-post","status-publish","format-standard","has-post-thumbnail","hentry","category-nacionales","category-portada"],"jetpack_featured_media_url":"https:\/\/i0.wp.com\/cdnoticias.com\/wp-content\/uploads\/2025\/02\/choque-ruta-226-bolivar-a-diario-la-manana.jpg?fit=1006%2C566&ssl=1","jetpack_sharing_enabled":true,"_links":{"self":[{"href":"https:\/\/cdnoticias.com\/index.php\/wp-json\/wp\/v2\/posts\/150914","targetHints":{"allow":["GET"]}}],"collection":[{"href":"https:\/\/cdnoticias.com\/index.php\/wp-json\/wp\/v2\/posts"}],"about":[{"href":"https:\/\/cdnoticias.com\/index.php\/wp-json\/wp\/v2\/types\/post"}],"author":[{"embeddable":true,"href":"https:\/\/cdnoticias.com\/index.php\/wp-json\/wp\/v2\/users\/4"}],"replies":[{"embeddable":true,"href":"https:\/\/cdnoticias.com\/index.php\/wp-json\/wp\/v2\/comments?post=150914"}],"version-history":[{"count":0,"href":"https:\/\/cdnoticias.com\/index.php\/wp-json\/wp\/v2\/posts\/150914\/revisions"}],"wp:featuredmedia":[{"embeddable":true,"href":"https:\/\/cdnoticias.com\/index.php\/wp-json\/wp\/v2\/media\/150916"}],"wp:attachment":[{"href":"https:\/\/cdnoticias.com\/index.php\/wp-json\/wp\/v2\/media?parent=150914"}],"wp:term":[{"taxonomy":"category","embeddable":true,"href":"https:\/\/cdnoticias.com\/index.php\/wp-json\/wp\/v2\/categories?post=150914"},{"taxonomy":"post_tag","embeddable":true,"href":"https:\/\/cdnoticias.com\/index.php\/wp-json\/wp\/v2\/tags?post=150914"}],"curies":[{"name":"wp","href":"https:\/\/api.w.org\/{rel}","templated":true}]}}