{"id":150912,"date":"2025-02-03T12:04:51","date_gmt":"2025-02-03T15:04:51","guid":{"rendered":"https:\/\/cdnoticias.com\/?p=150912"},"modified":"2025-02-03T12:04:54","modified_gmt":"2025-02-03T15:04:54","slug":"kicillof-evalua-insistir-con-un-proyecto-legislativo-para-que-le-autoricen-el-endeudamiento","status":"publish","type":"post","link":"https:\/\/cdnoticias.com\/index.php\/2025\/02\/03\/kicillof-evalua-insistir-con-un-proyecto-legislativo-para-que-le-autoricen-el-endeudamiento\/","title":{"rendered":"Kicillof eval\u00faa insistir con un proyecto legislativo para que le autoricen el endeudamiento"},"content":{"rendered":"<p>Ocurre despu\u00e9s del rechazo al Presupuesto. Es por 1.200 millones de d\u00f3lares. Incluye un porcentaje a distribuir entre los municipios.<!--more--><\/p>\n<hr \/>\n<p>Luego del <a href=\"https:\/\/cdnoticias.com\/index.php\/2024\/12\/28\/presupuesto-bonaerense-fracaso-la-sesion-y-retoman-la-negociacion-en-enero\/\" target=\"_blank\" rel=\"noopener\">rechazo a los proyectos de ley de Presupuesto e Impositiva<\/a>, que oblig\u00f3 al gobierno de <a href=\"https:\/\/cdnoticias.com\/index.php\/2024\/12\/28\/kicillof-califico-de-golpe-de-la-oposicion-el-rechazo-al-presupuesto-y-se-declaro-en-emergencia\/\" target=\"_blank\" rel=\"noopener\">Axel Kicillof a prorrogar los del a\u00f1o pasado<\/a> y desat\u00f3 fuertes cruces pol\u00edticos, <strong>el Gobernador estudia mandar a la Legislatura en las pr\u00f3ximas semanas un proyecto para que lo autoricen a tomar endeudamiento<\/strong>, con el que busca asegurarse la estabilidad financiera para este a\u00f1o y que incluye un fondo especial para los municipios.<\/p>\n<p>En la fallida sesi\u00f3n legislativa del 27 de diciembre pasado, Kicillof no logr\u00f3 acompa\u00f1amiento para el Presupuesto ni la Ley Impositiva, pero tampoco para la autorizaci\u00f3n de endeudamiento, que estaba incluido en el primero de esos proyectos. Para el gobierno es central: <strong>este a\u00f1o la Provincia enfrenta dos vencimientos de bonos en d\u00f3lares muy exigentes<\/strong> -uno en marzo y otro en septiembre-, que juntos <strong>suman 749 millones, y varios en pesos por un total 150.000 millones.<\/strong><\/p>\n<p>Ocurre que sin el OK para salir a los mercados a refinanciar esa deuda, la opci\u00f3n es recortar otros gastos para cumplir con los acreedores. El ministro de Gobierno, Carlos Bianco, dijo d\u00edas atr\u00e1s que producto de la falta de Presupuesto, la administraci\u00f3n entr\u00f3 en \u201cestado de emergencia econ\u00f3mica\u201d. En el Gobierno ponen como ejemplo lo que est\u00e1 ocurriendo con la recaudaci\u00f3n impositiva:<strong> como ARBA tuvo que <a href=\"https:\/\/cdnoticias.com\/index.php\/2025\/01\/31\/arba-establecio-las-fechas-de-vencimiento-de-los-impuestos-patrimoniales\/\" target=\"_blank\" rel=\"noopener\">postergar vencimientos<\/a> debido a la no aprobaci\u00f3n de las leyes, la ca\u00edda de ingresos en el primer trimestre ascender\u00e1, estiman, a unos $ 40.000 millones<\/strong>.<\/p>\n<blockquote><p>Kicillof optar\u00eda entonces por enviar un proyecto -ya redactado- que contemple solamente el OK del Parlamento para tomar deuda, sin insistir con el Presupuesto ni la Ley de Impuestos. El monto que solicitar\u00e1 es el mismo que en el articulado original: el equivalente en pesos a 1.200 millones de d\u00f3lares. A eso se a\u00f1adir\u00e1 una cl\u00e1usula para que con el 10% de ese dinero se constituya un fondo para financiamiento de los municipios.<\/p><\/blockquote>\n<blockquote class=\"wp-embedded-content\" data-secret=\"UlPfuQ2bSI\"><p><a href=\"https:\/\/cdnoticias.com\/index.php\/2024\/12\/28\/kicillof-califico-de-golpe-de-la-oposicion-el-rechazo-al-presupuesto-y-se-declaro-en-emergencia\/\">Kicillof calific\u00f3 de \u201cgolpe de la oposici\u00f3n\u201d el rechazo al Presupuesto y se declar\u00f3 en \u201cemergencia\u201d<\/a><\/p><\/blockquote>\n<p><iframe loading=\"lazy\" class=\"wp-embedded-content\" sandbox=\"allow-scripts\" security=\"restricted\" style=\"position: absolute; visibility: hidden;\" title=\"&#8220;Kicillof calific\u00f3 de \u201cgolpe de la oposici\u00f3n\u201d el rechazo al Presupuesto y se declar\u00f3 en \u201cemergencia\u201d&#8221; &#8212; Central de Noticias | Olavarr\u00eda\" src=\"https:\/\/cdnoticias.com\/index.php\/2024\/12\/28\/kicillof-califico-de-golpe-de-la-oposicion-el-rechazo-al-presupuesto-y-se-declaro-en-emergencia\/embed\/#?secret=1U6ABIiZ3w#?secret=UlPfuQ2bSI\" data-secret=\"UlPfuQ2bSI\" width=\"600\" height=\"338\" frameborder=\"0\" marginwidth=\"0\" marginheight=\"0\" scrolling=\"no\"><\/iframe><\/p>\n<p>En cierto sentido, el formato que eligi\u00f3 Kicillof est\u00e1 relacionado con la batalla legislativa perdida en diciembre. Por un lado, en aquel momento el Gobernador hab\u00eda rechazado la opci\u00f3n de que se aprobase el Presupuesto y la Ley Impositiva sin el endeudamiento, bajo el argumento de que le impon\u00eda cargas sin los recursos correspondientes. El <strong>fondo para las comunas<\/strong> tambi\u00e9n estuvo en discusi\u00f3n en aquel momento: el Ejecutivo ofreci\u00f3 el 7%, la oposici\u00f3n contraatac\u00f3 con un 16% y el \u00faltimo n\u00famero que se baraj\u00f3 fue el 10%.<\/p>\n<p>La discusi\u00f3n por este tema parec\u00eda clausurada luego de que el Ejecutivo vaciara, <a href=\"https:\/\/cdnoticias.com\/index.php\/2025\/01\/08\/al-final-hubo-reunion-en-la-legislatura-por-el-presupuesto-pero-sin-el-ejecutivo\/\" target=\"_blank\" rel=\"noopener\">el 7 de enero<\/a>, una serie de encuentros que se hab\u00eda previsto con las autoridades de los bloques opositores para tratar de reflotar el proyecto.<strong> \u201cNo cambi\u00f3 nada, la oposici\u00f3n sigue planteando una negociaci\u00f3n que incluye temas extra presupuesto (la integraci\u00f3n de la Corte, algunos cargos en organismos p\u00fablicos) y en este contexto no tiene sentido volver a sentarse\u201d<\/strong>, dijeron a DIB fuentes del gobierno en aquel momento.<\/p>\n<blockquote><p>Pero ahora Kicillof parece decidido a avanzar y una de las ofertas que pondr\u00e1 sobre la mesa son los fondos para las comunas, con lo que busca asegurarse el respaldo de intendentes del radicalismo y de PRO. Si esos jefes comunales dan el OK y transmiten la orden a los legisladores que les responden, el horizonte podr\u00eda despejarse para un proyecto que requiere una mayor\u00eda de dos tercios para aprobarse, imposible de alcanzar para el oficialismo por s\u00ed mismo.<\/p><\/blockquote>\n<p>La trama parlamentaria de esta iniciativa dej\u00f3 tela pol\u00edtica para cortar. Tratado en medio de la<strong> tensi\u00f3n pol\u00edtica entre el kicillofismo y el cristinismo<\/strong>, al rechazo de la oposici\u00f3n se sumaron las sospechas de que el camporismo -y en menor medida el massismo-, que es mayoritario en los bloques legislativos de UxP, no hab\u00eda hecho el esfuerzo suficiente para que el endeudamiento fuese aprobado. El camporismo siempre lo neg\u00f3 y la cuesti\u00f3n no pas\u00f3 del rumor, aunque <strong>el ministro de Desarrollo de la Comunidad, Andr\u00e9s Larroque -duramente enfrentado con M\u00e1ximo Kirchner- dijo en una entrevista que fue \u201cp\u00fablico y notorio\u201d que jugaron en contra del Gobernador<\/strong>.<\/p>\n<p>Fuente: <em>Andr\u00e9s Lavaselli &#8211; Agencia DIB<\/em><\/p>\n","protected":false},"excerpt":{"rendered":"<p>Ocurre despu\u00e9s del rechazo al Presupuesto. Es por 1.200 millones de d\u00f3lares. Incluye un porcentaje a distribuir entre los municipios.<\/p>\n","protected":false},"author":4,"featured_media":119127,"comment_status":"closed","ping_status":"closed","sticky":false,"template":"","format":"standard","meta":{"_jetpack_memberships_contains_paid_content":false,"footnotes":""},"categories":[6,1],"tags":[],"class_list":["post-150912","post","type-post","status-publish","format-standard","has-post-thumbnail","hentry","category-nacionales","category-portada"],"jetpack_featured_media_url":"https:\/\/i0.wp.com\/cdnoticias.com\/wp-content\/uploads\/2024\/06\/axel-kicillof-01.jpg?fit=800%2C445&ssl=1","jetpack_sharing_enabled":true,"_links":{"self":[{"href":"https:\/\/cdnoticias.com\/index.php\/wp-json\/wp\/v2\/posts\/150912","targetHints":{"allow":["GET"]}}],"collection":[{"href":"https:\/\/cdnoticias.com\/index.php\/wp-json\/wp\/v2\/posts"}],"about":[{"href":"https:\/\/cdnoticias.com\/index.php\/wp-json\/wp\/v2\/types\/post"}],"author":[{"embeddable":true,"href":"https:\/\/cdnoticias.com\/index.php\/wp-json\/wp\/v2\/users\/4"}],"replies":[{"embeddable":true,"href":"https:\/\/cdnoticias.com\/index.php\/wp-json\/wp\/v2\/comments?post=150912"}],"version-history":[{"count":0,"href":"https:\/\/cdnoticias.com\/index.php\/wp-json\/wp\/v2\/posts\/150912\/revisions"}],"wp:featuredmedia":[{"embeddable":true,"href":"https:\/\/cdnoticias.com\/index.php\/wp-json\/wp\/v2\/media\/119127"}],"wp:attachment":[{"href":"https:\/\/cdnoticias.com\/index.php\/wp-json\/wp\/v2\/media?parent=150912"}],"wp:term":[{"taxonomy":"category","embeddable":true,"href":"https:\/\/cdnoticias.com\/index.php\/wp-json\/wp\/v2\/categories?post=150912"},{"taxonomy":"post_tag","embeddable":true,"href":"https:\/\/cdnoticias.com\/index.php\/wp-json\/wp\/v2\/tags?post=150912"}],"curies":[{"name":"wp","href":"https:\/\/api.w.org\/{rel}","templated":true}]}}