{"id":150900,"date":"2025-02-03T09:17:06","date_gmt":"2025-02-03T12:17:06","guid":{"rendered":"https:\/\/cdnoticias.com\/?p=150900"},"modified":"2025-02-03T09:17:28","modified_gmt":"2025-02-03T12:17:28","slug":"el-trabajo-para-bomberos-no-cesa-hubo-un-incendio-de-pastos-en-barrio-la-arana","status":"publish","type":"post","link":"https:\/\/cdnoticias.com\/index.php\/2025\/02\/03\/el-trabajo-para-bomberos-no-cesa-hubo-un-incendio-de-pastos-en-barrio-la-arana\/","title":{"rendered":"El trabajo para bomberos no cesa: hubo un incendio de pastos en barrio La Ara\u00f1a"},"content":{"rendered":"\n<p>Fue muy cerca de las instalaciones donde funciona la Colonia de Vacaciones \u201cNi\u00f1o feliz\u201d.<\/p>\n\n\n\n<hr class=\"wp-block-separator aligncenter has-alpha-channel-opacity\"\/>\n\n\n\n<p>El trabajo para bomberos por incendio de pastos naturales en toda la ciudad y las localidades no cesa: <strong>en la noche del domingo, un importante foco \u00edgneo de pastos naturales en barrio La Ara\u00f1a gener\u00f3 el trabajo de una dotaci\u00f3n hasta controlar las llamas.<\/strong><\/p>\n\n\n\n<p>Seg\u00fan se inform\u00f3,<strong> el hecho se registr\u00f3 pasadas las 23:00 horas en la zona donde se encuentran ubicadas las instalaciones de la Colonia de Vacaciones \u201cNi\u00f1o feliz\u201d.<\/strong><\/p>\n\n\n\n<figure class=\"wp-block-image size-full\"><img data-recalc-dims=\"1\" loading=\"lazy\" decoding=\"async\" width=\"800\" height=\"445\" src=\"https:\/\/i0.wp.com\/cdnoticias.com\/wp-content\/uploads\/2025\/02\/incendio-pastos-la-arana.jpg?resize=800%2C445&#038;ssl=1\" alt=\"\" class=\"wp-image-150902\" srcset=\"https:\/\/i0.wp.com\/cdnoticias.com\/wp-content\/uploads\/2025\/02\/incendio-pastos-la-arana.jpg?w=1000&amp;ssl=1 1000w, https:\/\/i0.wp.com\/cdnoticias.com\/wp-content\/uploads\/2025\/02\/incendio-pastos-la-arana.jpg?resize=300%2C167&amp;ssl=1 300w, https:\/\/i0.wp.com\/cdnoticias.com\/wp-content\/uploads\/2025\/02\/incendio-pastos-la-arana.jpg?resize=768%2C427&amp;ssl=1 768w, https:\/\/i0.wp.com\/cdnoticias.com\/wp-content\/uploads\/2025\/02\/incendio-pastos-la-arana.jpg?resize=800%2C445&amp;ssl=1 800w\" sizes=\"auto, (max-width: 800px) 100vw, 800px\" \/><\/figure>\n\n\n\n<p>Gracias al trabajo de los bomberos, la situaci\u00f3n no pas\u00f3 a mayores. <strong>No hubo da\u00f1os y el fuego se control\u00f3 minutos despu\u00e9s.<\/strong><\/p>\n\n\n\n<p><strong>En los \u00faltimos d\u00edas se registraron varios de estos hechos que motivaron un intenso trabajo de varias dotaciones de Bomberos en distintos puntos de la ciudad y las localidades.<\/strong><\/p>\n\n\n\n<p><\/p>\n","protected":false},"excerpt":{"rendered":"<p>Fue muy cerca de las instalaciones donde funciona la Colonia de Vacaciones \u201cNi\u00f1o feliz\u201d. El trabajo para bomberos por incendio<\/p>\n","protected":false},"author":2,"featured_media":150901,"comment_status":"closed","ping_status":"closed","sticky":false,"template":"","format":"standard","meta":{"_jetpack_memberships_contains_paid_content":false,"footnotes":""},"categories":[14,1],"tags":[],"class_list":["post-150900","post","type-post","status-publish","format-standard","has-post-thumbnail","hentry","category-policiales","category-portada"],"jetpack_featured_media_url":"https:\/\/i0.wp.com\/cdnoticias.com\/wp-content\/uploads\/2025\/02\/incendio-pastos-la-arana1.jpg?fit=1295%2C720&ssl=1","jetpack_sharing_enabled":true,"_links":{"self":[{"href":"https:\/\/cdnoticias.com\/index.php\/wp-json\/wp\/v2\/posts\/150900","targetHints":{"allow":["GET"]}}],"collection":[{"href":"https:\/\/cdnoticias.com\/index.php\/wp-json\/wp\/v2\/posts"}],"about":[{"href":"https:\/\/cdnoticias.com\/index.php\/wp-json\/wp\/v2\/types\/post"}],"author":[{"embeddable":true,"href":"https:\/\/cdnoticias.com\/index.php\/wp-json\/wp\/v2\/users\/2"}],"replies":[{"embeddable":true,"href":"https:\/\/cdnoticias.com\/index.php\/wp-json\/wp\/v2\/comments?post=150900"}],"version-history":[{"count":0,"href":"https:\/\/cdnoticias.com\/index.php\/wp-json\/wp\/v2\/posts\/150900\/revisions"}],"wp:featuredmedia":[{"embeddable":true,"href":"https:\/\/cdnoticias.com\/index.php\/wp-json\/wp\/v2\/media\/150901"}],"wp:attachment":[{"href":"https:\/\/cdnoticias.com\/index.php\/wp-json\/wp\/v2\/media?parent=150900"}],"wp:term":[{"taxonomy":"category","embeddable":true,"href":"https:\/\/cdnoticias.com\/index.php\/wp-json\/wp\/v2\/categories?post=150900"},{"taxonomy":"post_tag","embeddable":true,"href":"https:\/\/cdnoticias.com\/index.php\/wp-json\/wp\/v2\/tags?post=150900"}],"curies":[{"name":"wp","href":"https:\/\/api.w.org\/{rel}","templated":true}]}}