{"id":150897,"date":"2025-02-03T09:01:33","date_gmt":"2025-02-03T12:01:33","guid":{"rendered":"https:\/\/cdnoticias.com\/?p=150897"},"modified":"2025-02-03T10:15:52","modified_gmt":"2025-02-03T13:15:52","slug":"doble-alerta-en-olavarria-por-tormenta-y-por-el-calor","status":"publish","type":"post","link":"https:\/\/cdnoticias.com\/index.php\/2025\/02\/03\/doble-alerta-en-olavarria-por-tormenta-y-por-el-calor\/","title":{"rendered":"Doble alerta en Olavarr\u00eda: por tormenta y por el calor"},"content":{"rendered":"<p>El SMN actualiz\u00f3 las advertencias. Olavarr\u00eda se mantiene incluida en alerta amarillo por tormentas por la ma\u00f1ana y la tarde de este lunes.<!--more--><\/p>\n<hr \/>\n<p>En la ma\u00f1ana de este lunes el <strong>Servicio Meteorol\u00f3gico Nacional<\/strong> actualiz\u00f3 las <strong>emisiones de alertas por distintos fen\u00f3menos<\/strong> y Olavarr\u00eda se mantiene incluida.<\/p>\n<p>Volvi\u00f3 a regir <strong>alerta amarillo por tormentas por la ma\u00f1ana y la tarde<\/strong> de este lunes. Adem\u00e1s, sigue vigente el<strong> alerta por temperaturas extremas<\/strong>.<\/p>\n<blockquote><p>Para Olavarr\u00eda, Laprida y La Madrid se emiti\u00f3 el alerta por tormenta: \u201cel \u00e1rea ser\u00e1 afectada por tormentas aisladas, algunas localmente fuertes. Las mismas estar\u00e1n acompa\u00f1adas por r\u00e1fagas intensas, ca\u00edda de granizo, fuerte actividad el\u00e9ctrica, y abundante ca\u00edda de agua en cortos per\u00edodos. Se prev\u00e9n valores de precipitaci\u00f3n acumulada entre 20 y 35 mm, pudiendo ser superados en forma puntual\u201d inform\u00f3 el organismo.<\/p><\/blockquote>\n<p>En tanto, <strong>por el calor<\/strong>, una franja que atraviesa la provincia de Buenos Aires de norte a sur advierte por <strong>temperaturas extremas de nivel amarillo y naranja<\/strong>.<\/p>\n<blockquote><p>Para Olavarr\u00eda el aviso es por \u201cefecto leve a moderado en la salud\u201d con marcas t\u00e9rmicas que \u201cpueden ser peligrosas, sobre todo para los grupos de riesgo, como ni\u00f1os y ni\u00f1as, personas mayores de 65 a\u00f1os, con enfermedades cr\u00f3nicas\u201d.<\/p><\/blockquote>\n<p>La temperatura <strong>m\u00e1xima<\/strong> prevista es de<strong> 31\u00ba<\/strong> para nuestra ciudad.<\/p>\n","protected":false},"excerpt":{"rendered":"<p>El SMN actualiz\u00f3 las advertencias. Olavarr\u00eda se mantiene incluida en alerta amarillo por tormentas por la ma\u00f1ana y la tarde<\/p>\n","protected":false},"author":4,"featured_media":150898,"comment_status":"closed","ping_status":"closed","sticky":false,"template":"","format":"standard","meta":{"_jetpack_memberships_contains_paid_content":false,"footnotes":""},"categories":[5,1],"tags":[],"class_list":["post-150897","post","type-post","status-publish","format-standard","has-post-thumbnail","hentry","category-informacion-general","category-portada"],"jetpack_featured_media_url":"https:\/\/i0.wp.com\/cdnoticias.com\/wp-content\/uploads\/2025\/02\/alerta-meteorologico-3-de-febrero-2025-calor-tormenta.jpg?fit=1000%2C556&ssl=1","jetpack_sharing_enabled":true,"_links":{"self":[{"href":"https:\/\/cdnoticias.com\/index.php\/wp-json\/wp\/v2\/posts\/150897","targetHints":{"allow":["GET"]}}],"collection":[{"href":"https:\/\/cdnoticias.com\/index.php\/wp-json\/wp\/v2\/posts"}],"about":[{"href":"https:\/\/cdnoticias.com\/index.php\/wp-json\/wp\/v2\/types\/post"}],"author":[{"embeddable":true,"href":"https:\/\/cdnoticias.com\/index.php\/wp-json\/wp\/v2\/users\/4"}],"replies":[{"embeddable":true,"href":"https:\/\/cdnoticias.com\/index.php\/wp-json\/wp\/v2\/comments?post=150897"}],"version-history":[{"count":0,"href":"https:\/\/cdnoticias.com\/index.php\/wp-json\/wp\/v2\/posts\/150897\/revisions"}],"wp:featuredmedia":[{"embeddable":true,"href":"https:\/\/cdnoticias.com\/index.php\/wp-json\/wp\/v2\/media\/150898"}],"wp:attachment":[{"href":"https:\/\/cdnoticias.com\/index.php\/wp-json\/wp\/v2\/media?parent=150897"}],"wp:term":[{"taxonomy":"category","embeddable":true,"href":"https:\/\/cdnoticias.com\/index.php\/wp-json\/wp\/v2\/categories?post=150897"},{"taxonomy":"post_tag","embeddable":true,"href":"https:\/\/cdnoticias.com\/index.php\/wp-json\/wp\/v2\/tags?post=150897"}],"curies":[{"name":"wp","href":"https:\/\/api.w.org\/{rel}","templated":true}]}}