{"id":150891,"date":"2025-02-03T08:25:39","date_gmt":"2025-02-03T11:25:39","guid":{"rendered":"https:\/\/cdnoticias.com\/?p=150891"},"modified":"2025-02-03T08:25:43","modified_gmt":"2025-02-03T11:25:43","slug":"importantes-danos-en-un-temporal-de-viento-y-granizo-en-bahia-blanca","status":"publish","type":"post","link":"https:\/\/cdnoticias.com\/index.php\/2025\/02\/03\/importantes-danos-en-un-temporal-de-viento-y-granizo-en-bahia-blanca\/","title":{"rendered":"Importantes da\u00f1os en un temporal de viento y granizo en Bah\u00eda Blanca"},"content":{"rendered":"\n<p>Fue en la tarde del domingo. Hubo m\u00e1s de 130 llamados de emergencia y se registraron 5 heridos de car\u00e1cter leve.<\/p>\n\n\n\n<hr class=\"wp-block-separator aligncenter has-alpha-channel-opacity\"\/>\n\n\n\n<p>Una <strong>fuerte tormenta con r\u00e1fagas de hasta 111 km\/h y ca\u00edda de granizo azot\u00f3 Bah\u00eda Blanca en la tarde del domingo,<\/strong> causando da\u00f1os en distintos sectores de la ciudad y afectando el Hospital Penna.<\/p>\n\n\n\n<figure class=\"wp-block-image size-large\"><img data-recalc-dims=\"1\" loading=\"lazy\" decoding=\"async\" width=\"800\" height=\"534\" src=\"https:\/\/i0.wp.com\/cdnoticias.com\/wp-content\/uploads\/2025\/02\/temporal.jpg?resize=800%2C534&#038;ssl=1\" alt=\"\" class=\"wp-image-150893\" srcset=\"https:\/\/i0.wp.com\/cdnoticias.com\/wp-content\/uploads\/2025\/02\/temporal.jpg?resize=1024%2C683&amp;ssl=1 1024w, https:\/\/i0.wp.com\/cdnoticias.com\/wp-content\/uploads\/2025\/02\/temporal.jpg?resize=300%2C200&amp;ssl=1 300w, https:\/\/i0.wp.com\/cdnoticias.com\/wp-content\/uploads\/2025\/02\/temporal.jpg?resize=768%2C512&amp;ssl=1 768w, https:\/\/i0.wp.com\/cdnoticias.com\/wp-content\/uploads\/2025\/02\/temporal.jpg?resize=272%2C182&amp;ssl=1 272w, https:\/\/i0.wp.com\/cdnoticias.com\/wp-content\/uploads\/2025\/02\/temporal.jpg?w=1200&amp;ssl=1 1200w\" sizes=\"auto, (max-width: 800px) 100vw, 800px\" \/><\/figure>\n\n\n\n<blockquote class=\"wp-block-quote is-layout-flow wp-block-quote-is-layout-flow\">\n<p>El fen\u00f3meno meteorol\u00f3gico se registr\u00f3 alrededor de las 15.30 y tuvo una duraci\u00f3n breve, pero con una intensidad suficiente para provocar destrozos en la v\u00eda p\u00fablica.<\/p>\n<\/blockquote>\n\n\n\n<p>Seg\u00fan el reporte oficial de la Subsecretar\u00eda de Emergencias del Ministerio de Seguridad de la Provincia de Buenos Aires, <strong>el viento pas\u00f3 de 22 km\/h a 111 km\/h en apenas cuatro minutos, con el pico registrado a las 15.22 en el aeropuerto local. <\/strong>Las r\u00e1fagas se extendieron por aproximadamente diez minutos, tiempo suficiente para<strong> derribar 47 \u00e1rboles y 15 postes, romper vidrios y techos, da\u00f1ar veh\u00edculos y obstruir canaletas con granizo acumulado.<\/strong><\/p>\n\n\n\n<figure class=\"wp-block-image size-large\"><img data-recalc-dims=\"1\" loading=\"lazy\" decoding=\"async\" width=\"800\" height=\"534\" src=\"https:\/\/i0.wp.com\/cdnoticias.com\/wp-content\/uploads\/2025\/02\/temporal2.jpg?resize=800%2C534&#038;ssl=1\" alt=\"\" class=\"wp-image-150894\" srcset=\"https:\/\/i0.wp.com\/cdnoticias.com\/wp-content\/uploads\/2025\/02\/temporal2.jpg?resize=1024%2C683&amp;ssl=1 1024w, https:\/\/i0.wp.com\/cdnoticias.com\/wp-content\/uploads\/2025\/02\/temporal2.jpg?resize=300%2C200&amp;ssl=1 300w, https:\/\/i0.wp.com\/cdnoticias.com\/wp-content\/uploads\/2025\/02\/temporal2.jpg?resize=768%2C512&amp;ssl=1 768w, https:\/\/i0.wp.com\/cdnoticias.com\/wp-content\/uploads\/2025\/02\/temporal2.jpg?resize=272%2C182&amp;ssl=1 272w, https:\/\/i0.wp.com\/cdnoticias.com\/wp-content\/uploads\/2025\/02\/temporal2.jpg?w=1200&amp;ssl=1 1200w\" sizes=\"auto, (max-width: 800px) 100vw, 800px\" \/><\/figure>\n\n\n\n<p>El municipio inform\u00f3 que<strong> recibi\u00f3 130 llamados por problemas en la v\u00eda p\u00fablica y que todos los equipos municipales est\u00e1n trabajando en la remoci\u00f3n de escombros y la limpieza de las zonas afectadas.<\/strong> Adem\u00e1s, el intendente del distrito, Federico Susbielles, recorri\u00f3 los sectores m\u00e1s perjudicados y se mantiene en comunicaci\u00f3n con los operativos de emergencia.<\/p>\n\n\n\n<p>Pese a los inconvenientes, se confirm\u00f3 que<strong> los servicios esenciales, como el transporte p\u00fablico y la recolecci\u00f3n de residuos, funcionan con normalidad.<\/strong><\/p>\n","protected":false},"excerpt":{"rendered":"<p>Fue en la tarde del domingo. Hubo m\u00e1s de 130 llamados de emergencia y se registraron 5 heridos de car\u00e1cter<\/p>\n","protected":false},"author":2,"featured_media":150895,"comment_status":"closed","ping_status":"closed","sticky":false,"template":"","format":"standard","meta":{"_jetpack_memberships_contains_paid_content":false,"footnotes":""},"categories":[6,1],"tags":[],"class_list":["post-150891","post","type-post","status-publish","format-standard","has-post-thumbnail","hentry","category-nacionales","category-portada"],"jetpack_featured_media_url":"https:\/\/i0.wp.com\/cdnoticias.com\/wp-content\/uploads\/2025\/02\/temporal3.jpg?fit=1200%2C800&ssl=1","jetpack_sharing_enabled":true,"_links":{"self":[{"href":"https:\/\/cdnoticias.com\/index.php\/wp-json\/wp\/v2\/posts\/150891","targetHints":{"allow":["GET"]}}],"collection":[{"href":"https:\/\/cdnoticias.com\/index.php\/wp-json\/wp\/v2\/posts"}],"about":[{"href":"https:\/\/cdnoticias.com\/index.php\/wp-json\/wp\/v2\/types\/post"}],"author":[{"embeddable":true,"href":"https:\/\/cdnoticias.com\/index.php\/wp-json\/wp\/v2\/users\/2"}],"replies":[{"embeddable":true,"href":"https:\/\/cdnoticias.com\/index.php\/wp-json\/wp\/v2\/comments?post=150891"}],"version-history":[{"count":0,"href":"https:\/\/cdnoticias.com\/index.php\/wp-json\/wp\/v2\/posts\/150891\/revisions"}],"wp:featuredmedia":[{"embeddable":true,"href":"https:\/\/cdnoticias.com\/index.php\/wp-json\/wp\/v2\/media\/150895"}],"wp:attachment":[{"href":"https:\/\/cdnoticias.com\/index.php\/wp-json\/wp\/v2\/media?parent=150891"}],"wp:term":[{"taxonomy":"category","embeddable":true,"href":"https:\/\/cdnoticias.com\/index.php\/wp-json\/wp\/v2\/categories?post=150891"},{"taxonomy":"post_tag","embeddable":true,"href":"https:\/\/cdnoticias.com\/index.php\/wp-json\/wp\/v2\/tags?post=150891"}],"curies":[{"name":"wp","href":"https:\/\/api.w.org\/{rel}","templated":true}]}}