{"id":150874,"date":"2022-08-28T19:27:43","date_gmt":"2022-08-28T22:27:43","guid":{"rendered":"http:\/\/centraldeportes.com.ar\/?p=21629"},"modified":"2025-02-10T20:46:02","modified_gmt":"2025-02-10T23:46:02","slug":"en-la-reserva-de-la-primera-b-tambien-festejo-espigas","status":"publish","type":"post","link":"https:\/\/cdnoticias.com\/index.php\/2022\/08\/28\/en-la-reserva-de-la-primera-b-tambien-festejo-espigas\/","title":{"rendered":"En la Reserva de la Primera B tambi\u00e9n festej\u00f3 Espigas"},"content":{"rendered":"<p>Venci\u00f3 1 a 0 a El Provincial en la final del Torneo Apertura de la Primera B organizado por la Liga de F\u00fatbol de Olavarr\u00eda.<!--more--><\/p>\n<hr \/>\n<p>El \u201cChacarero\u201d es absoluto dominador en la Primera B. Este domingo en la cancha de Villa Mi Serran\u00eda, se volvi\u00f3 a repetir la final del pasado fin de semana entre Espigas y El Provincial.<\/p>\n<p>&nbsp;<\/p>\n<p>All\u00ed, <strong>el \u201cVerdirrojo\u201d se impuso 1 a 0 con gol de Iv\u00e1n Gim\u00e9nez y se consagr\u00f3 campe\u00f3n del Apertura de Reserva de la Primera B<\/strong>.<\/p>\n<p>&nbsp;<\/p>\n<p>De esta manera, Espigas culmin\u00f3 el segundo Torneo del a\u00f1o festejado en las dos categor\u00edas.<\/p>\n","protected":false},"excerpt":{"rendered":"<p>Venci\u00f3 1 a 0 a El Provincial en la final del Torneo Apertura de la Primera B organizado por la<\/p>\n","protected":false},"author":96739694,"featured_media":150875,"comment_status":"closed","ping_status":"closed","sticky":false,"template":"","format":"standard","meta":{"_jetpack_memberships_contains_paid_content":false,"footnotes":""},"categories":[35,1,41],"tags":[],"class_list":["post-150874","post","type-post","status-publish","format-standard","has-post-thumbnail","hentry","category-futbol","category-portada","category-primera-y-reserva"],"jetpack_featured_media_url":"https:\/\/i0.wp.com\/cdnoticias.com\/wp-content\/uploads\/2022\/08\/WhatsApp-Image-2022-08-28-at-8.42.13-PM-e1661730676830.jpeg?fit=1273%2C716&ssl=1","jetpack_sharing_enabled":true,"_links":{"self":[{"href":"https:\/\/cdnoticias.com\/index.php\/wp-json\/wp\/v2\/posts\/150874","targetHints":{"allow":["GET"]}}],"collection":[{"href":"https:\/\/cdnoticias.com\/index.php\/wp-json\/wp\/v2\/posts"}],"about":[{"href":"https:\/\/cdnoticias.com\/index.php\/wp-json\/wp\/v2\/types\/post"}],"author":[{"embeddable":true,"href":"https:\/\/cdnoticias.com\/index.php\/wp-json\/wp\/v2\/users\/96739694"}],"replies":[{"embeddable":true,"href":"https:\/\/cdnoticias.com\/index.php\/wp-json\/wp\/v2\/comments?post=150874"}],"version-history":[{"count":0,"href":"https:\/\/cdnoticias.com\/index.php\/wp-json\/wp\/v2\/posts\/150874\/revisions"}],"wp:featuredmedia":[{"embeddable":true,"href":"https:\/\/cdnoticias.com\/index.php\/wp-json\/wp\/v2\/media\/150875"}],"wp:attachment":[{"href":"https:\/\/cdnoticias.com\/index.php\/wp-json\/wp\/v2\/media?parent=150874"}],"wp:term":[{"taxonomy":"category","embeddable":true,"href":"https:\/\/cdnoticias.com\/index.php\/wp-json\/wp\/v2\/categories?post=150874"},{"taxonomy":"post_tag","embeddable":true,"href":"https:\/\/cdnoticias.com\/index.php\/wp-json\/wp\/v2\/tags?post=150874"}],"curies":[{"name":"wp","href":"https:\/\/api.w.org\/{rel}","templated":true}]}}