{"id":150836,"date":"2022-08-28T21:30:11","date_gmt":"2022-08-29T00:30:11","guid":{"rendered":"http:\/\/centraldeportes.com.ar\/?p=21641"},"modified":"2025-02-10T20:45:33","modified_gmt":"2025-02-10T23:45:33","slug":"valisi-tambucci-herrera-y-melian-corrieron-en-las-termas-de-rio-hondo","status":"publish","type":"post","link":"https:\/\/cdnoticias.com\/index.php\/2022\/08\/28\/valisi-tambucci-herrera-y-melian-corrieron-en-las-termas-de-rio-hondo\/","title":{"rendered":"Valisi, Tambucci, Herrera y Melian corrieron en las Termas de R\u00edo Hondo"},"content":{"rendered":"<p>El Turismo Pista lleg\u00f3 a Santiago del Estero para disputar la s\u00e9ptima fecha del torneo con nutrida presentaci\u00f3n de pilotos locales. Diego Valisi lleg\u00f3 27\u00ba en la final de la Clase 1, Santiago Tambucci fue 18\u00ba en la Clase 2 y Agust\u00edn Herrera arrib\u00f3 10\u00ba y Gabriel Melian 28\u00ba en la divisional mayor.<!--more--><\/p>\n<hr \/>\n<p>Con muy buenos espect\u00e1culo y gran cantidad de autos el Turismo Pista se present\u00f3 en Termas de R\u00edo Hondo, y la clase menor puso primera en la ma\u00f1ana del domingo, con Diego Valisi entre los cr\u00e9ditos de la ciudad. El de Sierras Bayas lleg\u00f3 14\u00ba en la serie del s\u00e1bado, por lo que tuvo que partir desde el fondo y pudo ver la bandera a cuadros en el puesto 27\u00ba.<\/p>\n<p>&nbsp;<\/p>\n<p>Felipe Martini fue el ganador de la final de la clase menor, segundo fue Lucas Huser y Agust\u00edn Gajate ocup\u00f3 el \u00faltimo escal\u00f3n del podio.<\/p>\n<p>&nbsp;<\/p>\n\n<p>&nbsp;<\/p>\n<p>La Clase 2 cont\u00f3 con Santiago Tambucci como uno de los candidatos del fin de semana, ya que hab\u00eda sido 4\u00ba en la serie sabatina, pero todo se complic\u00f3 en la largada de la final con un desperfecto el\u00e9ctrico que le impidi\u00f3 largar desde la grilla. Fue asistido y parti\u00f3 desde boxes, y realiz\u00f3 un carrer\u00f3n para terminar en el puesto 18\u00ba.<\/p>\n<p>&nbsp;<\/p>\n<p>Alejo Cravero se qued\u00f3 con el triunfo en un podio integrado por todos representantes del VW Up, como Nicol\u00e1s Herrera y Franco Fauret, escoltas del l\u00edder.<\/p>\n<p>&nbsp;<\/p>\n<p>En la Clase 3, Agust\u00edn Herrera termin\u00f3 d\u00e9cimo, hab\u00eda sido cuarto en la serie, pero luego de perder algunas ubicaciones en la largada se tuvo que recuperar para terminar entre los diez en la carrera que consagr\u00f3 a Mat\u00edas Cravero que fue escoltado por Francisco Coltrinari y Juan Benedetti.<\/p>\n<p>&nbsp;<\/p>\n<p>Gabriel Melian hab\u00eda sido 15\u00ba la serie del s\u00e1bado por lo que parti\u00f3 desde el 45\u00ba lugar la final y pudo ver la bandera en el 28\u00ba lugar.<\/p>\n<p>&nbsp;<\/p>\n","protected":false},"excerpt":{"rendered":"<p>El Turismo Pista lleg\u00f3 a Santiago del Estero para disputar la s\u00e9ptima fecha del torneo con nutrida presentaci\u00f3n de pilotos<\/p>\n","protected":false},"author":96739694,"featured_media":150837,"comment_status":"closed","ping_status":"closed","sticky":false,"template":"","format":"standard","meta":{"_jetpack_memberships_contains_paid_content":false,"footnotes":""},"categories":[34,1,49],"tags":[],"class_list":["post-150836","post","type-post","status-publish","format-standard","has-post-thumbnail","hentry","category-automovilismo","category-portada","category-turismo-pista"],"jetpack_featured_media_url":"https:\/\/i0.wp.com\/cdnoticias.com\/wp-content\/uploads\/2022\/08\/WhatsApp-Image-2022-08-28-at-8.33.36-PM-1.jpeg?fit=1200%2C797&ssl=1","jetpack_sharing_enabled":true,"_links":{"self":[{"href":"https:\/\/cdnoticias.com\/index.php\/wp-json\/wp\/v2\/posts\/150836","targetHints":{"allow":["GET"]}}],"collection":[{"href":"https:\/\/cdnoticias.com\/index.php\/wp-json\/wp\/v2\/posts"}],"about":[{"href":"https:\/\/cdnoticias.com\/index.php\/wp-json\/wp\/v2\/types\/post"}],"author":[{"embeddable":true,"href":"https:\/\/cdnoticias.com\/index.php\/wp-json\/wp\/v2\/users\/96739694"}],"replies":[{"embeddable":true,"href":"https:\/\/cdnoticias.com\/index.php\/wp-json\/wp\/v2\/comments?post=150836"}],"version-history":[{"count":0,"href":"https:\/\/cdnoticias.com\/index.php\/wp-json\/wp\/v2\/posts\/150836\/revisions"}],"wp:featuredmedia":[{"embeddable":true,"href":"https:\/\/cdnoticias.com\/index.php\/wp-json\/wp\/v2\/media\/150837"}],"wp:attachment":[{"href":"https:\/\/cdnoticias.com\/index.php\/wp-json\/wp\/v2\/media?parent=150836"}],"wp:term":[{"taxonomy":"category","embeddable":true,"href":"https:\/\/cdnoticias.com\/index.php\/wp-json\/wp\/v2\/categories?post=150836"},{"taxonomy":"post_tag","embeddable":true,"href":"https:\/\/cdnoticias.com\/index.php\/wp-json\/wp\/v2\/tags?post=150836"}],"curies":[{"name":"wp","href":"https:\/\/api.w.org\/{rel}","templated":true}]}}