{"id":150828,"date":"2022-08-16T12:53:27","date_gmt":"2022-08-16T15:53:27","guid":{"rendered":"http:\/\/centraldeportes.com.ar\/?p=20768"},"modified":"2025-02-10T20:45:29","modified_gmt":"2025-02-10T23:45:29","slug":"el-clasico-de-la-ciudad-en-el-pre-federal-sera-en-la-primera-fecha","status":"publish","type":"post","link":"https:\/\/cdnoticias.com\/index.php\/2022\/08\/16\/el-clasico-de-la-ciudad-en-el-pre-federal-sera-en-la-primera-fecha\/","title":{"rendered":"El cl\u00e1sico de la Ciudad en el Pre-Federal ser\u00e1 en la primera fecha"},"content":{"rendered":"<p>Qued\u00f3 todo definido para la venidera edici\u00f3n del Torneo Pre-Federal de b\u00e1squet y luego de varias semanas de no tener mayores precisiones se oficializ\u00f3 la competencia.<!--more--><\/p>\n<hr \/>\n<p>Racing y Estudiantes animar\u00e1n la Regi\u00f3n CAB 4 y el cl\u00e1sico de la Ciudad se llevar\u00e1 a cabo en la primera fecha del grupo, siendo el \u201cBata\u201d el primer anfitri\u00f3n de la competencia que dar\u00e1 inicio el pr\u00f3ximo 26 de agosto.<\/p>\n<p>&nbsp;<\/p>\n<p>Adem\u00e1s de los dos representantes de la Asociaci\u00f3n de B\u00e1squet de Olavarr\u00eda, integran el grupo Costa Sud, Los Andes y Olimpo.<\/p>\n<p>&nbsp;<\/p>\n<p>El fixture:<\/p>\n<p>&nbsp;<\/p>\n<p>1\u00ba FECHA<br \/>\nEstudiantes &#8211; Racing<\/p>\n<p>2\u00ba FECHA<br \/>\nRacing &#8211; Olimpo<br \/>\nCosta Sud &#8211; Estudiantes<\/p>\n<p>3\u00ba FECHA<br \/>\nLos Andes &#8211; Racing<br \/>\nLibre: Estudiantes<\/p>\n<p>4 \u00ba FECHA<br \/>\nEstudiantes &#8211; Olimpo<br \/>\nLibre: Racing<\/p>\n<p>5\u00ba FECHA<br \/>\nLos Andes &#8211; Estudiantes<br \/>\nRacing &#8211; Costa Sud<\/p>\n","protected":false},"excerpt":{"rendered":"<p>Qued\u00f3 todo definido para la venidera edici\u00f3n del Torneo Pre-Federal de b\u00e1squet y luego de varias semanas de no tener<\/p>\n","protected":false},"author":96739694,"featured_media":150830,"comment_status":"closed","ping_status":"closed","sticky":false,"template":"","format":"standard","meta":{"_jetpack_memberships_contains_paid_content":false,"footnotes":""},"categories":[31,1,60],"tags":[],"class_list":["post-150828","post","type-post","status-publish","format-standard","has-post-thumbnail","hentry","category-basquet","category-portada","category-torneo-pre-federal"],"jetpack_featured_media_url":"https:\/\/i0.wp.com\/cdnoticias.com\/wp-content\/uploads\/2022\/07\/racing-cae.jpg?fit=1279%2C853&ssl=1","jetpack_sharing_enabled":true,"_links":{"self":[{"href":"https:\/\/cdnoticias.com\/index.php\/wp-json\/wp\/v2\/posts\/150828","targetHints":{"allow":["GET"]}}],"collection":[{"href":"https:\/\/cdnoticias.com\/index.php\/wp-json\/wp\/v2\/posts"}],"about":[{"href":"https:\/\/cdnoticias.com\/index.php\/wp-json\/wp\/v2\/types\/post"}],"author":[{"embeddable":true,"href":"https:\/\/cdnoticias.com\/index.php\/wp-json\/wp\/v2\/users\/96739694"}],"replies":[{"embeddable":true,"href":"https:\/\/cdnoticias.com\/index.php\/wp-json\/wp\/v2\/comments?post=150828"}],"version-history":[{"count":0,"href":"https:\/\/cdnoticias.com\/index.php\/wp-json\/wp\/v2\/posts\/150828\/revisions"}],"wp:featuredmedia":[{"embeddable":true,"href":"https:\/\/cdnoticias.com\/index.php\/wp-json\/wp\/v2\/media\/150830"}],"wp:attachment":[{"href":"https:\/\/cdnoticias.com\/index.php\/wp-json\/wp\/v2\/media?parent=150828"}],"wp:term":[{"taxonomy":"category","embeddable":true,"href":"https:\/\/cdnoticias.com\/index.php\/wp-json\/wp\/v2\/categories?post=150828"},{"taxonomy":"post_tag","embeddable":true,"href":"https:\/\/cdnoticias.com\/index.php\/wp-json\/wp\/v2\/tags?post=150828"}],"curies":[{"name":"wp","href":"https:\/\/api.w.org\/{rel}","templated":true}]}}