{"id":150793,"date":"2022-08-15T17:21:39","date_gmt":"2022-08-15T20:21:39","guid":{"rendered":"http:\/\/centraldeportes.com.ar\/?p=20893"},"modified":"2022-08-15T17:21:39","modified_gmt":"2022-08-15T20:21:39","slug":"paz-tolosa-jugara-en-el-ascenso-espanol","status":"publish","type":"post","link":"https:\/\/cdnoticias.com\/index.php\/2022\/08\/15\/paz-tolosa-jugara-en-el-ascenso-espanol\/","title":{"rendered":"Paz Tolosa jugar\u00e1 en el ascenso espa\u00f1ol"},"content":{"rendered":"<p>Mar\u00eda de la Paz Tolosa dej\u00f3 Gimnasia y Esgrima de La Plata ya que tras decidir radicarse en Espa\u00f1a, fue confirmada en un equipo del ascenso.<!--more--><\/p>\n<hr \/>\n<p>La olavarriense fue confirmada como nueva ficha de Porta Liceo de Valencia, equipo que participa en la Segunda Divisi\u00f3n y el pasado fin de semana emprendi\u00f3 el viaje a Europa.<\/p>\n<p>&nbsp;<\/p>\n<p>Tolosa dej\u00f3 el \u201cLobo\u201d tras varias temporadas donde sum\u00f3 varios t\u00edtulos y experiencia en la \u00e9lite del v\u00f3ley nacional.<\/p>\n","protected":false},"excerpt":{"rendered":"<p>Mar\u00eda de la Paz Tolosa dej\u00f3 Gimnasia y Esgrima de La Plata ya que tras decidir radicarse en Espa\u00f1a, fue<\/p>\n","protected":false},"author":96739694,"featured_media":146685,"comment_status":"closed","ping_status":"closed","sticky":false,"template":"","format":"standard","meta":{"_jetpack_memberships_contains_paid_content":false,"footnotes":""},"categories":[30,1],"tags":[],"class_list":["post-150793","post","type-post","status-publish","format-standard","has-post-thumbnail","hentry","category-polideportivo","category-portada"],"jetpack_featured_media_url":"https:\/\/i0.wp.com\/cdnoticias.com\/wp-content\/uploads\/2021\/09\/paztolosaportada.png?fit=800%2C445&ssl=1","jetpack_sharing_enabled":true,"_links":{"self":[{"href":"https:\/\/cdnoticias.com\/index.php\/wp-json\/wp\/v2\/posts\/150793","targetHints":{"allow":["GET"]}}],"collection":[{"href":"https:\/\/cdnoticias.com\/index.php\/wp-json\/wp\/v2\/posts"}],"about":[{"href":"https:\/\/cdnoticias.com\/index.php\/wp-json\/wp\/v2\/types\/post"}],"author":[{"embeddable":true,"href":"https:\/\/cdnoticias.com\/index.php\/wp-json\/wp\/v2\/users\/96739694"}],"replies":[{"embeddable":true,"href":"https:\/\/cdnoticias.com\/index.php\/wp-json\/wp\/v2\/comments?post=150793"}],"version-history":[{"count":0,"href":"https:\/\/cdnoticias.com\/index.php\/wp-json\/wp\/v2\/posts\/150793\/revisions"}],"wp:featuredmedia":[{"embeddable":true,"href":"https:\/\/cdnoticias.com\/index.php\/wp-json\/wp\/v2\/media\/146685"}],"wp:attachment":[{"href":"https:\/\/cdnoticias.com\/index.php\/wp-json\/wp\/v2\/media?parent=150793"}],"wp:term":[{"taxonomy":"category","embeddable":true,"href":"https:\/\/cdnoticias.com\/index.php\/wp-json\/wp\/v2\/categories?post=150793"},{"taxonomy":"post_tag","embeddable":true,"href":"https:\/\/cdnoticias.com\/index.php\/wp-json\/wp\/v2\/tags?post=150793"}],"curies":[{"name":"wp","href":"https:\/\/api.w.org\/{rel}","templated":true}]}}