{"id":15079,"date":"2021-03-01T20:20:23","date_gmt":"2021-03-01T23:20:23","guid":{"rendered":"http:\/\/www.centraldenoticias.com.ar\/?p=15079"},"modified":"2021-03-02T08:56:44","modified_gmt":"2021-03-02T11:56:44","slug":"intensifican-la-vacunacion-de-docentes-en-el-hospital-de-oncologia-y-el-hospital-municipal","status":"publish","type":"post","link":"https:\/\/cdnoticias.com\/index.php\/2021\/03\/01\/intensifican-la-vacunacion-de-docentes-en-el-hospital-de-oncologia-y-el-hospital-municipal\/","title":{"rendered":"Intensifican la vacunaci\u00f3n de docentes en el Hospital de Oncolog\u00eda y el Hospital Municipal"},"content":{"rendered":"<p>Ser\u00e1 de manera complementaria a la aplicaci\u00f3n de dosis que ya se viene realizando en la Mutual Carlos Alberto Moreno.<!--more--><\/p>\n<hr \/>\n<p>El operativo de vacunaci\u00f3n no detiene su marcha, m\u00e1s bien todo lo contrario. Tal es as\u00ed que distintas fuentes consultadas por Central de Noticias confirmaron la puesta en marcha de <strong>una \u201cintensificaci\u00f3n\u201d en la aplicaci\u00f3n de las dosis a personal docente, con la novedad que tambi\u00e9n se lo har\u00e1 en el Hospital Municipal \u201cDoctor H\u00e9ctor Cura\u201d y en el Hospital de Oncolog\u00eda, con especial \u00e9nfasis en este \u00faltimo<\/strong>.<\/p>\n<p>&nbsp;<\/p>\n<p>La medida responde al inicio del ciclo lectivo tanto en la formaci\u00f3n inicial como en primaria, por lo que la intenci\u00f3n es avanzar definitivamente en la vacunaci\u00f3n del personal educativo. Vale destacar que<strong> desde hace ya algunos d\u00edas esta labor se viene llevando adelante en la sede de la mutual \u201cCarlos Alberto Moreno\u201d de Suteba, donde tambi\u00e9n se ha vacunado a personal de seguridad.<\/strong><\/p>\n<p>&nbsp;<\/p>\n<p><img data-recalc-dims=\"1\" loading=\"lazy\" decoding=\"async\" class=\"alignnone size-full wp-image-13847\" src=\"https:\/\/i0.wp.com\/cdnoticias.com\/wp-content\/uploads\/2021\/02\/suteba-mutual-moreno-vacunacion.jpg?resize=800%2C370&#038;ssl=1\" alt=\"\" width=\"800\" height=\"370\" srcset=\"https:\/\/i0.wp.com\/cdnoticias.com\/wp-content\/uploads\/2021\/02\/suteba-mutual-moreno-vacunacion.jpg?w=868&amp;ssl=1 868w, https:\/\/i0.wp.com\/cdnoticias.com\/wp-content\/uploads\/2021\/02\/suteba-mutual-moreno-vacunacion.jpg?resize=300%2C139&amp;ssl=1 300w, https:\/\/i0.wp.com\/cdnoticias.com\/wp-content\/uploads\/2021\/02\/suteba-mutual-moreno-vacunacion.jpg?resize=768%2C355&amp;ssl=1 768w\" sizes=\"auto, (max-width: 800px) 100vw, 800px\" \/><\/p>\n<p>&nbsp;<\/p>\n<p>No obstante ello, seg\u00fan se confi\u00f3 a <em><strong>Central de Noticias<\/strong><\/em>, se puso en marcha lo que podr\u00eda denominarse como<strong> una aceleraci\u00f3n en la aplicaci\u00f3n de dosis en lo que a docentes refiere<\/strong>, tal como pudo verse en las \u00faltimas horas a partir de las continuas publicaciones en redes sociales de integrantes de la comunidad educativa, quienes con agrado informaron haber recibido sus respectivos turnos para ser vacunados.<\/p>\n<p>&nbsp;<\/p>\n<p>Sin embargo, todo ello permiti\u00f3 ver una novedad que fue ratificada por distintos voceros, y es que las aplicaciones se llevar\u00e1n adelante tanto en el <strong>Hospital Municipal \u201cDoctor H\u00e9ctor Cura\u201d como en el Hospital de Oncolog\u00eda, con especial \u00e9nfasis en este \u00faltimo, ya que en el otro centro asistencial persiste la vacunaci\u00f3n a personal m\u00e9dico. Culminada esa instancia, ambos nosocomios tendr\u00e1n como principal tarea inmunizar a los docentes.<\/strong><\/p>\n<p>&nbsp;<\/p>\n<p>Por \u00faltimo, vale recordar que de manera paralela<strong> contin\u00faa el programa para mayores de 70 a\u00f1os y personas de riesgo en la Escuela 1 \u201cJorge Luis Borges\u201d, tarea que pr\u00f3ximamente pasar\u00e1 a realizarse en el Servicio Territorial 2. \u00a0<\/strong><\/p>\n","protected":false},"excerpt":{"rendered":"<p>Ser\u00e1 de manera complementaria a la aplicaci\u00f3n de dosis que ya se viene realizando en la Mutual Carlos Alberto Moreno.<\/p>\n","protected":false},"author":3,"featured_media":13822,"comment_status":"closed","ping_status":"closed","sticky":false,"template":"","format":"standard","meta":{"_jetpack_memberships_contains_paid_content":false,"footnotes":""},"categories":[5,1],"tags":[],"class_list":["post-15079","post","type-post","status-publish","format-standard","has-post-thumbnail","hentry","category-informacion-general","category-portada"],"jetpack_featured_media_url":"https:\/\/i0.wp.com\/cdnoticias.com\/wp-content\/uploads\/2021\/02\/WhatsApp-Image-2021-02-15-at-14.34.26-1.jpeg?fit=1280%2C790&ssl=1","jetpack_sharing_enabled":true,"_links":{"self":[{"href":"https:\/\/cdnoticias.com\/index.php\/wp-json\/wp\/v2\/posts\/15079","targetHints":{"allow":["GET"]}}],"collection":[{"href":"https:\/\/cdnoticias.com\/index.php\/wp-json\/wp\/v2\/posts"}],"about":[{"href":"https:\/\/cdnoticias.com\/index.php\/wp-json\/wp\/v2\/types\/post"}],"author":[{"embeddable":true,"href":"https:\/\/cdnoticias.com\/index.php\/wp-json\/wp\/v2\/users\/3"}],"replies":[{"embeddable":true,"href":"https:\/\/cdnoticias.com\/index.php\/wp-json\/wp\/v2\/comments?post=15079"}],"version-history":[{"count":0,"href":"https:\/\/cdnoticias.com\/index.php\/wp-json\/wp\/v2\/posts\/15079\/revisions"}],"wp:featuredmedia":[{"embeddable":true,"href":"https:\/\/cdnoticias.com\/index.php\/wp-json\/wp\/v2\/media\/13822"}],"wp:attachment":[{"href":"https:\/\/cdnoticias.com\/index.php\/wp-json\/wp\/v2\/media?parent=15079"}],"wp:term":[{"taxonomy":"category","embeddable":true,"href":"https:\/\/cdnoticias.com\/index.php\/wp-json\/wp\/v2\/categories?post=15079"},{"taxonomy":"post_tag","embeddable":true,"href":"https:\/\/cdnoticias.com\/index.php\/wp-json\/wp\/v2\/tags?post=15079"}],"curies":[{"name":"wp","href":"https:\/\/api.w.org\/{rel}","templated":true}]}}