{"id":150773,"date":"2022-08-28T16:24:16","date_gmt":"2022-08-28T19:24:16","guid":{"rendered":"http:\/\/centraldeportes.com.ar\/?p=21578"},"modified":"2022-08-28T16:24:16","modified_gmt":"2022-08-28T19:24:16","slug":"josefina-vigo-fue-segunda-en-parana","status":"publish","type":"post","link":"https:\/\/cdnoticias.com\/index.php\/2022\/08\/28\/josefina-vigo-fue-segunda-en-parana\/","title":{"rendered":"Josefina Vigo fue segunda en Paran\u00e1"},"content":{"rendered":"<p>La piloto olavarriense consigui\u00f3 su segundo podio consecutivo, tras repetir la buena producci\u00f3n conseguida en San Juan en la Liga Speedagro. La victoria fue para Carlos Sava.<\/p>\n<p><!--more--><\/p>\n<hr \/>\n<p>La Liga Speedagro Racing disput\u00f3 la sexta final del a\u00f1o en el aut\u00f3dromo de Paran\u00e1, en la provincia de Entre R\u00edos, ante un marco imponente de p\u00fablico que agot\u00f3 las entradas para ver al Turismo Carretera.<\/p>\n<p>&nbsp;<\/p>\n<p>La olavarriense repiti\u00f3 podio, y luego de una carrera muy accidentada pudo arribar en el tercer lugar, repitiendo la ubicaci\u00f3n en pista de la carrera anterior, pero tras el recargo al segundo, termin\u00f3 en la posici\u00f3n de escolta.<\/p>\n<p>&nbsp;<\/p>\n<p>Josefina parti\u00f3 desde el s\u00e9ptimo lugar en el que clasific\u00f3 el d\u00eda s\u00e1bado, pero recibi\u00f3 un toque en el inicio de la competencia que la hizo perder varias ubicaciones, antes que se cumpliera la primera vuelta. Desde ah\u00ed comenz\u00f3 un trabajo prolijo, superando autos y esquivando las distintas contingencias que se presentaron en esta final, que fueron varias, y termin\u00f3 con varios autos da\u00f1ados.<\/p>\n<p>&nbsp;<\/p>\n<p>El \u00faltimo tramo de carrera, la encontr\u00f3 con la lucha mano a mano con Rudolf, con qui\u00e9n se debati\u00f3 el \u00faltimo escal\u00f3n del podio. Pudo dar cuenta de \u00e9l y arribar en el tercer lugar, detr\u00e1s de Javier Manta y Carlos Sava, qui\u00e9n consigui\u00f3 ganar su segunda carrera consecutiva. El recargo a Manta, la deposit\u00f3 en el segundo lugar y Rudolf culmin\u00f3 tercero.<\/p>\n<p>&nbsp;<\/p>\n<p>La pr\u00f3xima competencia ser\u00e1 el 18 de septiembre en el aut\u00f3dromo \u201cRosendo Hern\u00e1ndez\u201d de la provincia de San Lu\u00eds.<\/p>\n","protected":false},"excerpt":{"rendered":"<p>La piloto olavarriense consigui\u00f3 su segundo podio consecutivo, tras repetir la buena producci\u00f3n conseguida en San Juan en la Liga<\/p>\n","protected":false},"author":96739694,"featured_media":150774,"comment_status":"closed","ping_status":"closed","sticky":false,"template":"","format":"standard","meta":{"_jetpack_memberships_contains_paid_content":false,"footnotes":""},"categories":[34,1],"tags":[],"class_list":["post-150773","post","type-post","status-publish","format-standard","has-post-thumbnail","hentry","category-automovilismo","category-portada"],"jetpack_featured_media_url":"https:\/\/i0.wp.com\/cdnoticias.com\/wp-content\/uploads\/2022\/08\/WhatsApp-Image-2022-08-28-at-3.14.47-PM.jpeg?fit=720%2C405&ssl=1","jetpack_sharing_enabled":true,"_links":{"self":[{"href":"https:\/\/cdnoticias.com\/index.php\/wp-json\/wp\/v2\/posts\/150773","targetHints":{"allow":["GET"]}}],"collection":[{"href":"https:\/\/cdnoticias.com\/index.php\/wp-json\/wp\/v2\/posts"}],"about":[{"href":"https:\/\/cdnoticias.com\/index.php\/wp-json\/wp\/v2\/types\/post"}],"author":[{"embeddable":true,"href":"https:\/\/cdnoticias.com\/index.php\/wp-json\/wp\/v2\/users\/96739694"}],"replies":[{"embeddable":true,"href":"https:\/\/cdnoticias.com\/index.php\/wp-json\/wp\/v2\/comments?post=150773"}],"version-history":[{"count":0,"href":"https:\/\/cdnoticias.com\/index.php\/wp-json\/wp\/v2\/posts\/150773\/revisions"}],"wp:featuredmedia":[{"embeddable":true,"href":"https:\/\/cdnoticias.com\/index.php\/wp-json\/wp\/v2\/media\/150774"}],"wp:attachment":[{"href":"https:\/\/cdnoticias.com\/index.php\/wp-json\/wp\/v2\/media?parent=150773"}],"wp:term":[{"taxonomy":"category","embeddable":true,"href":"https:\/\/cdnoticias.com\/index.php\/wp-json\/wp\/v2\/categories?post=150773"},{"taxonomy":"post_tag","embeddable":true,"href":"https:\/\/cdnoticias.com\/index.php\/wp-json\/wp\/v2\/tags?post=150773"}],"curies":[{"name":"wp","href":"https:\/\/api.w.org\/{rel}","templated":true}]}}