{"id":150687,"date":"2022-08-25T22:09:08","date_gmt":"2022-08-26T01:09:08","guid":{"rendered":"http:\/\/centraldeportes.com.ar\/?p=21407"},"modified":"2025-02-03T01:47:56","modified_gmt":"2025-02-03T04:47:56","slug":"la-tradicional-maraton-de-corim-anuncio-su-retorno-y-tiene-fecha-oficial","status":"publish","type":"post","link":"https:\/\/cdnoticias.com\/index.php\/2022\/08\/25\/la-tradicional-maraton-de-corim-anuncio-su-retorno-y-tiene-fecha-oficial\/","title":{"rendered":"La tradicional marat\u00f3n de CORIM anunci\u00f3 su retorno y tiene fecha oficial"},"content":{"rendered":"<p>La competencia atl\u00e9tica, bajo el nombre \u201cSumate a CORIM\u201d, se llevar\u00e1 a cabo a fines de septiembre y tendr\u00e1 como novedad las pruebas de 10 y 5 kil\u00f3metros.<!--more--><\/p>\n<hr \/>\n<p>En la tarde de este jueves, <strong>en las instalaciones de la entidad educativa, se llev\u00f3 adelante la presentaci\u00f3n formal de la competencia marat\u00f3nica &#8220;Sumate a CORIM&#8221;<\/strong> oficializada tambi\u00e9n por el C\u00edrculo de Atletas Veteranos de Olavarr\u00eda (CAVO). La reuni\u00f3n estuvo encabezada por <strong>Hern\u00e1n Parra, Graciela Mendoza (Directora de CORIM)<\/strong> y miembros de las distintas firmas comerciales que acompa\u00f1ar\u00e1n.<\/p>\n<p>&nbsp;<\/p>\n<p>\u201c<em><strong>Debido a la pandemia tuvimos que suspender ediciones anteriores y la verdad que es una felicidad muy grande poder volver a llevarla a cabo<\/strong>\u201d<\/em>, sostuvo Parra quien anunci\u00f3 que <strong>la marat\u00f3n ser\u00e1 el domingo 25 de septiembre<\/strong>.<\/p>\n<p>&nbsp;<\/p>\n<p>[soliloquy slug=&#8221;corim&#8221;]<\/p>\n<p>&nbsp;<\/p>\n<p>Por su parte, la organizaci\u00f3n anunci\u00f3 que <strong>el punto de partido ser\u00e1 desde el barrio Los Robles<\/strong> (Rivadavia y Avellaneda) y que habr\u00e1 dos pruebas competitivas mas una recreativa. <strong>La carrera principal tendr\u00e1 un trazado de 10 K (dos vuelta de 5 kil\u00f3metros), la secundaria constar\u00e1 de 5K y luego se realizar\u00e1 una prueba recreativa de 1 kil\u00f3metro para ni\u00f1os y ni\u00f1as<\/strong>.<\/p>\n<p>&nbsp;<\/p>\n<p>Las inscripciones se podr\u00e1n hacer desde la p\u00e1gina del CAVO y ser\u00e1n hasta el s\u00e1bado 24 de septiembre.<\/p>\n","protected":false},"excerpt":{"rendered":"<p>La competencia atl\u00e9tica, bajo el nombre \u201cSumate a CORIM\u201d, se llevar\u00e1 a cabo a fines de septiembre y tendr\u00e1 como<\/p>\n","protected":false},"author":96739694,"featured_media":150690,"comment_status":"closed","ping_status":"closed","sticky":false,"template":"","format":"standard","meta":{"_jetpack_memberships_contains_paid_content":false,"footnotes":""},"categories":[38,1],"tags":[],"class_list":["post-150687","post","type-post","status-publish","format-standard","has-post-thumbnail","hentry","category-pedestrismo","category-portada"],"jetpack_featured_media_url":"https:\/\/i0.wp.com\/cdnoticias.com\/wp-content\/uploads\/2022\/08\/corim-3.jpeg?fit=1224%2C918&ssl=1","jetpack_sharing_enabled":true,"_links":{"self":[{"href":"https:\/\/cdnoticias.com\/index.php\/wp-json\/wp\/v2\/posts\/150687","targetHints":{"allow":["GET"]}}],"collection":[{"href":"https:\/\/cdnoticias.com\/index.php\/wp-json\/wp\/v2\/posts"}],"about":[{"href":"https:\/\/cdnoticias.com\/index.php\/wp-json\/wp\/v2\/types\/post"}],"author":[{"embeddable":true,"href":"https:\/\/cdnoticias.com\/index.php\/wp-json\/wp\/v2\/users\/96739694"}],"replies":[{"embeddable":true,"href":"https:\/\/cdnoticias.com\/index.php\/wp-json\/wp\/v2\/comments?post=150687"}],"version-history":[{"count":0,"href":"https:\/\/cdnoticias.com\/index.php\/wp-json\/wp\/v2\/posts\/150687\/revisions"}],"wp:featuredmedia":[{"embeddable":true,"href":"https:\/\/cdnoticias.com\/index.php\/wp-json\/wp\/v2\/media\/150690"}],"wp:attachment":[{"href":"https:\/\/cdnoticias.com\/index.php\/wp-json\/wp\/v2\/media?parent=150687"}],"wp:term":[{"taxonomy":"category","embeddable":true,"href":"https:\/\/cdnoticias.com\/index.php\/wp-json\/wp\/v2\/categories?post=150687"},{"taxonomy":"post_tag","embeddable":true,"href":"https:\/\/cdnoticias.com\/index.php\/wp-json\/wp\/v2\/tags?post=150687"}],"curies":[{"name":"wp","href":"https:\/\/api.w.org\/{rel}","templated":true}]}}