{"id":150655,"date":"2022-08-23T20:00:32","date_gmt":"2022-08-23T23:00:32","guid":{"rendered":"http:\/\/centraldeportes.com.ar\/?p=21323"},"modified":"2022-08-23T20:00:32","modified_gmt":"2022-08-23T23:00:32","slug":"las-escuelitas-de-padel-festejaron-el-dia-de-la-ninez","status":"publish","type":"post","link":"https:\/\/cdnoticias.com\/index.php\/2022\/08\/23\/las-escuelitas-de-padel-festejaron-el-dia-de-la-ninez\/","title":{"rendered":"Las Escuelitas de P\u00e1del festejaron el \u201cD\u00eda de la Ni\u00f1ez\u201d"},"content":{"rendered":"<p>Alrededor de 60 chicos de la Escuelita compartieron un lindo momento en el Complejo Club de Amigos. Hubo juegos, inflables y obviamente mucho p\u00e1del para festejar el \u201cD\u00eda de la Ni\u00f1ez\u201d.<!--more--><\/p>\n<hr \/>\n<p>El pasado s\u00e1bado, la Asociaci\u00f3n Civil Olavarriense de P\u00e1del festej\u00f3 el \u201cD\u00eda de la Ni\u00f1ez\u201d en el Complejo Club de Amigos.<\/p>\n<p>&nbsp;<\/p>\n<p>Participaron alrededor de 60 chicos pertenecientes a la Escuelita de la ACOP. Hubo juegos, inflables y obviamente mucho p\u00e1del.<\/p>\n<p>&nbsp;<\/p>\n\n<p>&nbsp;<\/p>\n<p>Desde la Asociaci\u00f3n Agradecemos a Farquick, Dulcinea y Mauricio Stagnaro por las donaciones para el almuerzo y a la Subcomisi\u00f3n de padres que colaboraron con la venta de bonos para el viaje a Tandil.<\/p>\n","protected":false},"excerpt":{"rendered":"<p>Alrededor de 60 chicos de la Escuelita compartieron un lindo momento en el Complejo Club de Amigos. Hubo juegos, inflables<\/p>\n","protected":false},"author":96739694,"featured_media":150657,"comment_status":"closed","ping_status":"closed","sticky":false,"template":"","format":"standard","meta":{"_jetpack_memberships_contains_paid_content":false,"footnotes":""},"categories":[30,1],"tags":[],"class_list":["post-150655","post","type-post","status-publish","format-standard","has-post-thumbnail","hentry","category-polideportivo","category-portada"],"jetpack_featured_media_url":"https:\/\/i0.wp.com\/cdnoticias.com\/wp-content\/uploads\/2022\/08\/WhatsApp-Image-2022-08-23-at-7.59.10-PM-e1661295602498.jpeg?fit=960%2C665&ssl=1","jetpack_sharing_enabled":true,"_links":{"self":[{"href":"https:\/\/cdnoticias.com\/index.php\/wp-json\/wp\/v2\/posts\/150655","targetHints":{"allow":["GET"]}}],"collection":[{"href":"https:\/\/cdnoticias.com\/index.php\/wp-json\/wp\/v2\/posts"}],"about":[{"href":"https:\/\/cdnoticias.com\/index.php\/wp-json\/wp\/v2\/types\/post"}],"author":[{"embeddable":true,"href":"https:\/\/cdnoticias.com\/index.php\/wp-json\/wp\/v2\/users\/96739694"}],"replies":[{"embeddable":true,"href":"https:\/\/cdnoticias.com\/index.php\/wp-json\/wp\/v2\/comments?post=150655"}],"version-history":[{"count":0,"href":"https:\/\/cdnoticias.com\/index.php\/wp-json\/wp\/v2\/posts\/150655\/revisions"}],"wp:featuredmedia":[{"embeddable":true,"href":"https:\/\/cdnoticias.com\/index.php\/wp-json\/wp\/v2\/media\/150657"}],"wp:attachment":[{"href":"https:\/\/cdnoticias.com\/index.php\/wp-json\/wp\/v2\/media?parent=150655"}],"wp:term":[{"taxonomy":"category","embeddable":true,"href":"https:\/\/cdnoticias.com\/index.php\/wp-json\/wp\/v2\/categories?post=150655"},{"taxonomy":"post_tag","embeddable":true,"href":"https:\/\/cdnoticias.com\/index.php\/wp-json\/wp\/v2\/tags?post=150655"}],"curies":[{"name":"wp","href":"https:\/\/api.w.org\/{rel}","templated":true}]}}