{"id":150652,"date":"2022-09-28T19:11:49","date_gmt":"2022-09-28T22:11:49","guid":{"rendered":"http:\/\/centraldeportes.com.ar\/?p=23861"},"modified":"2022-09-28T19:11:49","modified_gmt":"2022-09-28T22:11:49","slug":"el-ciclista-accidentado-en-la-pista-humberto-corradi-fue-sometido-a-cirugia","status":"publish","type":"post","link":"https:\/\/cdnoticias.com\/index.php\/2022\/09\/28\/el-ciclista-accidentado-en-la-pista-humberto-corradi-fue-sometido-a-cirugia\/","title":{"rendered":"El ciclista accidentado en la pista \u201cHumberto Corradi\u201d fue sometido a cirug\u00eda"},"content":{"rendered":"<p>El pasado lunes, el ciclista accidentado en uno de los Festivales organizados por la Uni\u00f3n de Ciclistas de Olavarr\u00eda fue intervenido quir\u00fargicamente y posteriormente recibi\u00f3 el dinero juntado en otro evento en la Ciudad.<!--more--><\/p>\n<hr \/>\n<p>Mario Bar\u00f3n sufri\u00f3 un accidente en la pista \u201cHumberto Corradi\u201d y tras el festival solidario del pasado s\u00e1bado donde se reunieron fondos, se realiz\u00f3 la cirug\u00eda tras sus fracturas de f\u00e9mur y cadera.<\/p>\n<p>&nbsp;<\/p>\n<p>Conocida la lesi\u00f3n del deportista, la Uni\u00f3n de Ciclistas de Olavarr\u00eda organiz\u00f3 un festival solidario y dio a conocer que, posterior a la cirug\u00eda, le hicieron entrega del dinero recaudado al olavarriense.<\/p>\n<p>&nbsp;<\/p>\n<p>Bar\u00f3n recibi\u00f3 la suma de $37,850 pesos que se recaudaron el \u00faltimo s\u00e1bado en la pista municipal y tras haber sido sometido a la cirug\u00eda con los insumos que el ente regulador local consigui\u00f3, se recupera favorablemente.<\/p>\n","protected":false},"excerpt":{"rendered":"<p>El pasado lunes, el ciclista accidentado en uno de los Festivales organizados por la Uni\u00f3n de Ciclistas de Olavarr\u00eda fue<\/p>\n","protected":false},"author":96739694,"featured_media":150653,"comment_status":"closed","ping_status":"closed","sticky":false,"template":"","format":"standard","meta":{"_jetpack_memberships_contains_paid_content":false,"footnotes":""},"categories":[30,1],"tags":[],"class_list":["post-150652","post","type-post","status-publish","format-standard","has-post-thumbnail","hentry","category-polideportivo","category-portada"],"jetpack_featured_media_url":"https:\/\/i0.wp.com\/cdnoticias.com\/wp-content\/uploads\/2022\/09\/WhatsApp-Image-2022-09-28-at-19.08.46.jpeg?fit=960%2C697&ssl=1","jetpack_sharing_enabled":true,"_links":{"self":[{"href":"https:\/\/cdnoticias.com\/index.php\/wp-json\/wp\/v2\/posts\/150652","targetHints":{"allow":["GET"]}}],"collection":[{"href":"https:\/\/cdnoticias.com\/index.php\/wp-json\/wp\/v2\/posts"}],"about":[{"href":"https:\/\/cdnoticias.com\/index.php\/wp-json\/wp\/v2\/types\/post"}],"author":[{"embeddable":true,"href":"https:\/\/cdnoticias.com\/index.php\/wp-json\/wp\/v2\/users\/96739694"}],"replies":[{"embeddable":true,"href":"https:\/\/cdnoticias.com\/index.php\/wp-json\/wp\/v2\/comments?post=150652"}],"version-history":[{"count":0,"href":"https:\/\/cdnoticias.com\/index.php\/wp-json\/wp\/v2\/posts\/150652\/revisions"}],"wp:featuredmedia":[{"embeddable":true,"href":"https:\/\/cdnoticias.com\/index.php\/wp-json\/wp\/v2\/media\/150653"}],"wp:attachment":[{"href":"https:\/\/cdnoticias.com\/index.php\/wp-json\/wp\/v2\/media?parent=150652"}],"wp:term":[{"taxonomy":"category","embeddable":true,"href":"https:\/\/cdnoticias.com\/index.php\/wp-json\/wp\/v2\/categories?post=150652"},{"taxonomy":"post_tag","embeddable":true,"href":"https:\/\/cdnoticias.com\/index.php\/wp-json\/wp\/v2\/tags?post=150652"}],"curies":[{"name":"wp","href":"https:\/\/api.w.org\/{rel}","templated":true}]}}