{"id":150603,"date":"2022-08-12T11:47:29","date_gmt":"2022-08-12T14:47:29","guid":{"rendered":"http:\/\/centraldeportes.com.ar\/?p=20748"},"modified":"2022-08-12T11:47:29","modified_gmt":"2022-08-12T14:47:29","slug":"estudiantes-finalmente-oficializo-la-baja-de-la-liga-argentina","status":"publish","type":"post","link":"https:\/\/cdnoticias.com\/index.php\/2022\/08\/12\/estudiantes-finalmente-oficializo-la-baja-de-la-liga-argentina\/","title":{"rendered":"Estudiantes finalmente oficializ\u00f3 la baja de la Liga Argentina"},"content":{"rendered":"<p>En las \u00faltimas horas del jueves, la Comisi\u00f3n Directiva del Club Estudiantes dio a conocer oficialmente la baja de la venidera edici\u00f3n de la Liga Argentina.<\/p>\n<p><!--more--><\/p>\n<hr \/>\n<p>Si bien era un secreto a voces la baja de la segunda categor\u00eda del b\u00e1squet argentino, el &#8220;bataraz&#8221; comunic\u00f3 oficialmente que no ser\u00e1 parte de la temporada 22\/23 de la segunda categor\u00eda del basquet argentino.<\/p>\n<p>&nbsp;<\/p>\n<p><strong>El comunicado dado a conocer:<\/strong><\/p>\n<p>&nbsp;<\/p>\n<p>&#8220;La Comisi\u00f3n Directiva del Club Atl\u00e9tico Estudiantes comunica que, por decisi\u00f3n de la mayor\u00eda de sus integrantes, con disidencia de algunos miembros, el club no formar\u00e1 parte de la temporada 2022\/23 de la Liga Argentina de B\u00e1squetbol. Esto se debe a que no est\u00e1n dadas las condiciones para llevar adelante la participaci\u00f3n.<\/p>\n<p>Desde los \u00faltimos cuatro a\u00f1os, esta comisi\u00f3n est\u00e1 integrada por representantes de casi la totalidad de las disciplinas que forman parte del CAE, quienes colaboraron para hacer posible que se jueguen las \u00faltimas dos temporadas de Liga Argentina; lo que permiti\u00f3 que cada integrante tenga un conocimiento cabal de las condiciones necesarias para seguir adelante con el proyecto del B\u00e1squet profesional y que se ha mencionado en reiteradas oportunidades: presupuesto sostenible y subcomisi\u00f3n espec\u00edfica, b\u00e1sicamente con lo que cuentan cada una de las disciplinas para funcionar. Ninguno de los dos requerimientos se logr\u00f3 plasmar en un proyecto que se presente a debate.<\/p>\n<p>Es as\u00ed que en el \u00e1mbito de intercambio y expresi\u00f3n de distintas posturas en el que se resuelven los temas dirigenciales que hacen a la organizaci\u00f3n de la instituci\u00f3n, se toma la tan dif\u00edcil decisi\u00f3n que se est\u00e1 compartiendo, con los fundamentos y el convencimiento que le dieron a esta directiva la experiencia de estar gestionando el proyecto durante los \u00faltimos a\u00f1os y siempre teniendo presentes las demandas e intereses de los socios del Club Atl\u00e9tico Estudiantes.<\/p>\n<p>Esperamos que en los pr\u00f3ximos a\u00f1os el contexto acompa\u00f1e y sea posible retomar el desaf\u00edo de participar en los niveles m\u00e1s altos del b\u00e1squet nacional como el Club Atl\u00e9tico Estudiantes se merece.&#8221;<\/p>\n","protected":false},"excerpt":{"rendered":"<p>En las \u00faltimas horas del jueves, la Comisi\u00f3n Directiva del Club Estudiantes dio a conocer oficialmente la baja de la<\/p>\n","protected":false},"author":96739694,"featured_media":150604,"comment_status":"closed","ping_status":"closed","sticky":false,"template":"","format":"standard","meta":{"_jetpack_memberships_contains_paid_content":false,"footnotes":""},"categories":[31,32,1],"tags":[],"class_list":["post-150603","post","type-post","status-publish","format-standard","has-post-thumbnail","hentry","category-basquet","category-liga-argentina","category-portada"],"jetpack_featured_media_url":"https:\/\/i0.wp.com\/cdnoticias.com\/wp-content\/uploads\/2022\/08\/cae.png?fit=800%2C445&ssl=1","jetpack_sharing_enabled":true,"_links":{"self":[{"href":"https:\/\/cdnoticias.com\/index.php\/wp-json\/wp\/v2\/posts\/150603","targetHints":{"allow":["GET"]}}],"collection":[{"href":"https:\/\/cdnoticias.com\/index.php\/wp-json\/wp\/v2\/posts"}],"about":[{"href":"https:\/\/cdnoticias.com\/index.php\/wp-json\/wp\/v2\/types\/post"}],"author":[{"embeddable":true,"href":"https:\/\/cdnoticias.com\/index.php\/wp-json\/wp\/v2\/users\/96739694"}],"replies":[{"embeddable":true,"href":"https:\/\/cdnoticias.com\/index.php\/wp-json\/wp\/v2\/comments?post=150603"}],"version-history":[{"count":0,"href":"https:\/\/cdnoticias.com\/index.php\/wp-json\/wp\/v2\/posts\/150603\/revisions"}],"wp:featuredmedia":[{"embeddable":true,"href":"https:\/\/cdnoticias.com\/index.php\/wp-json\/wp\/v2\/media\/150604"}],"wp:attachment":[{"href":"https:\/\/cdnoticias.com\/index.php\/wp-json\/wp\/v2\/media?parent=150603"}],"wp:term":[{"taxonomy":"category","embeddable":true,"href":"https:\/\/cdnoticias.com\/index.php\/wp-json\/wp\/v2\/categories?post=150603"},{"taxonomy":"post_tag","embeddable":true,"href":"https:\/\/cdnoticias.com\/index.php\/wp-json\/wp\/v2\/tags?post=150603"}],"curies":[{"name":"wp","href":"https:\/\/api.w.org\/{rel}","templated":true}]}}