{"id":150590,"date":"2022-08-23T13:30:43","date_gmt":"2022-08-23T16:30:43","guid":{"rendered":"http:\/\/centraldeportes.com.ar\/?p=21306"},"modified":"2022-08-23T13:30:43","modified_gmt":"2022-08-23T16:30:43","slug":"olavarria-sigue-sumando-representantes-a-la-final-de-los-bonaerenses","status":"publish","type":"post","link":"https:\/\/cdnoticias.com\/index.php\/2022\/08\/23\/olavarria-sigue-sumando-representantes-a-la-final-de-los-bonaerenses\/","title":{"rendered":"Olavarr\u00eda sigue sumando representantes a la final de los Bonaerenses"},"content":{"rendered":"<p>Sigue increment\u00e1ndose el n\u00famero de representantes de Olavarr\u00eda en la final de los Juegos Bonaerenses, que durante la primera semana de octubre retornar\u00e1n a la ciudad de Mar del Plata.<\/p>\n<p><!--more--><\/p>\n<hr \/>\n<p>El \u00faltimo viernes la ciudad vecina de Bol\u00edvar centraliz\u00f3 la etapa regional de gimnasia art\u00edstica. Hacia all\u00ed, con la coordinaci\u00f3n de profesores del staff municipal, viaj\u00f3 una nutrida delegaci\u00f3n de representantes locales que cosech\u00f3 una destacada actuaci\u00f3n.<\/p>\n<p>&nbsp;<\/p>\n<p>Tal es as\u00ed Vida Boa logr\u00f3 la clasificaci\u00f3n a Mar del Plata en las categor\u00edas Sub12 femenino nivel 1 y en Sub13 masculino nivel 3. A la par, el CEF 44 se impuso en Sub12 femenino nivel 2 y Sub18 femenino nivel 2.<\/p>\n<p>&nbsp;<\/p>\n<p>La competencia seguir\u00e1 con el handball, que durante las jornadas de este lunes y martes tendr\u00e1 la definici\u00f3n en Rauch.<\/p>\n<p>&nbsp;<\/p>\n<p>Por otra parte, la delegaci\u00f3n olavarriense tambi\u00e9n sum\u00f3 m\u00e1s integrantes en la categor\u00eda personas adultas mayores, que el \u00faltimo viernes tuvo una concurrida actividad en General Alvear.<\/p>\n<p>&nbsp;<\/p>\n<p>Gabriela Bettilli logr\u00f3 el pase en Burako, mientras que en sapo clasificaron a la instancia final Hugo Pad\u00edn y Esther Guti\u00e9rrez.<\/p>\n<p>&nbsp;<\/p>\n<p>Este martes deportistas locales viajar\u00e1n hacia Tapalqu\u00e9, donde se llevar\u00e1 a cabo la etapa regional de pelota paleta, pentatl\u00f3n y tenis.<\/p>\n","protected":false},"excerpt":{"rendered":"<p>Sigue increment\u00e1ndose el n\u00famero de representantes de Olavarr\u00eda en la final de los Juegos Bonaerenses, que durante la primera semana<\/p>\n","protected":false},"author":96739694,"featured_media":150591,"comment_status":"closed","ping_status":"closed","sticky":false,"template":"","format":"standard","meta":{"_jetpack_memberships_contains_paid_content":false,"footnotes":""},"categories":[30,1],"tags":[],"class_list":["post-150590","post","type-post","status-publish","format-standard","has-post-thumbnail","hentry","category-polideportivo","category-portada"],"jetpack_featured_media_url":"https:\/\/i0.wp.com\/cdnoticias.com\/wp-content\/uploads\/2022\/08\/Deportes-Bonaerenses-2-4.jpg?fit=1600%2C900&ssl=1","jetpack_sharing_enabled":true,"_links":{"self":[{"href":"https:\/\/cdnoticias.com\/index.php\/wp-json\/wp\/v2\/posts\/150590","targetHints":{"allow":["GET"]}}],"collection":[{"href":"https:\/\/cdnoticias.com\/index.php\/wp-json\/wp\/v2\/posts"}],"about":[{"href":"https:\/\/cdnoticias.com\/index.php\/wp-json\/wp\/v2\/types\/post"}],"author":[{"embeddable":true,"href":"https:\/\/cdnoticias.com\/index.php\/wp-json\/wp\/v2\/users\/96739694"}],"replies":[{"embeddable":true,"href":"https:\/\/cdnoticias.com\/index.php\/wp-json\/wp\/v2\/comments?post=150590"}],"version-history":[{"count":0,"href":"https:\/\/cdnoticias.com\/index.php\/wp-json\/wp\/v2\/posts\/150590\/revisions"}],"wp:featuredmedia":[{"embeddable":true,"href":"https:\/\/cdnoticias.com\/index.php\/wp-json\/wp\/v2\/media\/150591"}],"wp:attachment":[{"href":"https:\/\/cdnoticias.com\/index.php\/wp-json\/wp\/v2\/media?parent=150590"}],"wp:term":[{"taxonomy":"category","embeddable":true,"href":"https:\/\/cdnoticias.com\/index.php\/wp-json\/wp\/v2\/categories?post=150590"},{"taxonomy":"post_tag","embeddable":true,"href":"https:\/\/cdnoticias.com\/index.php\/wp-json\/wp\/v2\/tags?post=150590"}],"curies":[{"name":"wp","href":"https:\/\/api.w.org\/{rel}","templated":true}]}}