{"id":150564,"date":"2022-09-28T19:07:49","date_gmt":"2022-09-28T22:07:49","guid":{"rendered":"http:\/\/centraldeportes.com.ar\/?p=23859"},"modified":"2022-09-28T19:07:49","modified_gmt":"2022-09-28T22:07:49","slug":"ferro-se-reforzo-bajo-los-tres-palos","status":"publish","type":"post","link":"https:\/\/cdnoticias.com\/index.php\/2022\/09\/28\/ferro-se-reforzo-bajo-los-tres-palos\/","title":{"rendered":"Ferro se reforz\u00f3 bajo los tres palos"},"content":{"rendered":"<p>A d\u00edas de que comience la nueva edici\u00f3n del Torneo Regional Amateur, la dirigencia del \u201cCarbonero\u201d anunci\u00f3 la contrataci\u00f3n \u00a0del arquero Facundo Charmelo proveniente del f\u00fatbol de Gonz\u00e1lez Ch\u00e1vez.<!--more--><\/p>\n<hr \/>\n<p>Con m\u00e1s certezas para lo que ser\u00e1 la <a href=\"https:\/\/cdnoticias.com\/torneo-regional-amateur-los-equipos-olavarrienses-ya-conocen-fixture-y-rivales\/\">pr\u00f3xima edici\u00f3n del Torneo Regional Federal Amateur<\/a> 2022-2023, <strong>este mi\u00e9rcoles Ferro Carril Sud confirm\u00f3 la llegada de un nuevo refuerzo para el plantel ante la salida de Santiago P\u00e9rez<\/strong>.<\/p>\n<p>&nbsp;<\/p>\n<p><strong>Se trata de Facundo Charmelo, arquero de 24 a\u00f1os, que viene de jugar en Hurac\u00e1n Ciclista Club de Adolfo Gonz\u00e1lez Ch\u00e1vez<\/strong>. Anteriormente, el balcarce\u00f1o supo vestir las camisetas de Independiente de San Cayetano, C\u00edrculo Deportivo, San Telmo, Aldosivi y Racing de Balcarce.<\/p>\n<p>&nbsp;<\/p>\n<p>De esta manera, Charmelo se pondr\u00e1 a disposici\u00f3n del plantel \u201cCarbonero\u201d dirigido por Mauricio Peralta, <strong>que tendr\u00e1 su debut el domingo 16 de octubre frente a Estudiantes en el Domingo Colasurdo<\/strong>.<\/p>\n","protected":false},"excerpt":{"rendered":"<p>A d\u00edas de que comience la nueva edici\u00f3n del Torneo Regional Amateur, la dirigencia del \u201cCarbonero\u201d anunci\u00f3 la contrataci\u00f3n \u00a0del<\/p>\n","protected":false},"author":96739694,"featured_media":150565,"comment_status":"closed","ping_status":"closed","sticky":false,"template":"","format":"standard","meta":{"_jetpack_memberships_contains_paid_content":false,"footnotes":""},"categories":[35,1,54],"tags":[],"class_list":["post-150564","post","type-post","status-publish","format-standard","has-post-thumbnail","hentry","category-futbol","category-portada","category-torneo-regional-amateur"],"jetpack_featured_media_url":"https:\/\/i0.wp.com\/cdnoticias.com\/wp-content\/uploads\/2022\/09\/Facundo-Charmelo-Ferro-Carril-Sud.jpg?fit=1279%2C762&ssl=1","jetpack_sharing_enabled":true,"_links":{"self":[{"href":"https:\/\/cdnoticias.com\/index.php\/wp-json\/wp\/v2\/posts\/150564","targetHints":{"allow":["GET"]}}],"collection":[{"href":"https:\/\/cdnoticias.com\/index.php\/wp-json\/wp\/v2\/posts"}],"about":[{"href":"https:\/\/cdnoticias.com\/index.php\/wp-json\/wp\/v2\/types\/post"}],"author":[{"embeddable":true,"href":"https:\/\/cdnoticias.com\/index.php\/wp-json\/wp\/v2\/users\/96739694"}],"replies":[{"embeddable":true,"href":"https:\/\/cdnoticias.com\/index.php\/wp-json\/wp\/v2\/comments?post=150564"}],"version-history":[{"count":0,"href":"https:\/\/cdnoticias.com\/index.php\/wp-json\/wp\/v2\/posts\/150564\/revisions"}],"wp:featuredmedia":[{"embeddable":true,"href":"https:\/\/cdnoticias.com\/index.php\/wp-json\/wp\/v2\/media\/150565"}],"wp:attachment":[{"href":"https:\/\/cdnoticias.com\/index.php\/wp-json\/wp\/v2\/media?parent=150564"}],"wp:term":[{"taxonomy":"category","embeddable":true,"href":"https:\/\/cdnoticias.com\/index.php\/wp-json\/wp\/v2\/categories?post=150564"},{"taxonomy":"post_tag","embeddable":true,"href":"https:\/\/cdnoticias.com\/index.php\/wp-json\/wp\/v2\/tags?post=150564"}],"curies":[{"name":"wp","href":"https:\/\/api.w.org\/{rel}","templated":true}]}}