{"id":15049,"date":"2021-03-01T15:14:32","date_gmt":"2021-03-01T18:14:32","guid":{"rendered":"http:\/\/www.centraldenoticias.com.ar\/?p=15049"},"modified":"2021-03-01T15:14:32","modified_gmt":"2021-03-01T18:14:32","slug":"fernandez-impulsara-una-querella-criminal-por-el-endeudamiento-de-macri","status":"publish","type":"post","link":"https:\/\/cdnoticias.com\/index.php\/2021\/03\/01\/fernandez-impulsara-una-querella-criminal-por-el-endeudamiento-de-macri\/","title":{"rendered":"Fern\u00e1ndez impulsar\u00e1 una &#8220;querella criminal&#8221; por el endeudamiento de Macri"},"content":{"rendered":"<p>El Presidente dijo que dio instrucciones para que se investigue &#8220;qui\u00e9nes fueron los autores de la mayor administraci\u00f3n fraudulenta y malversaci\u00f3n de caudales p\u00fablicos de la historia&#8221;, en alusi\u00f3n a la toma de deuda entre 2015 y 2019.<!--more--><\/p>\n<hr \/>\n<p>Alberto Fern\u00e1ndez anunci\u00f3 al inaugurar el<strong> 139\u00b0 per\u00edodo de sesiones ordinarias<\/strong> que impulsar\u00e1 la apertura de una<em> &#8220;querella criminal&#8221;<\/em> destinada a determinar delitos en el endeudamiento que asumi\u00f3 el Gobierno de Mauricio Macri, a la vez que enumer\u00f3 diversas iniciativas para mejorar el servicio de la administraci\u00f3n de justicia.<\/p>\n<p>&nbsp;<\/p>\n<p><strong><em>&#8220;No dejar\u00e9 de trabajar para ser el presidente de una Argentina unida&#8221;<\/em><\/strong>, indic\u00f3 el mandatario, aunque subray\u00f3 que tampoco se dejar\u00e1 <em>&#8220;arrastrar por ning\u00fan tipo de provocaci\u00f3n, provenga de donde provenga&#8221;.<\/em><\/p>\n<p>&nbsp;<\/p>\n<p><strong><em>&#8220;Cuanto m\u00e1s profunda fue la crisis, m\u00e1s se templ\u00f3 mi esp\u00edritu&#8221;<\/em><\/strong>, expres\u00f3 y resalt\u00f3:<em> &#8220;La inmensa mayor\u00eda de nuestro pueblo sabe que vamos en camino de la recuperaci\u00f3n&#8221;.<\/em><\/p>\n<p>&nbsp;<\/p>\n<p><strong>Precios y salarios<\/strong><\/p>\n<p>&nbsp;<\/p>\n<p>Fern\u00e1ndez sostuvo el <em>&#8220;di\u00e1logo va a contribuir en el proceso de desinflaci\u00f3n&#8221;<\/em> y, en ese marco, <strong>ponder\u00f3 las mesas puestas en marcha con sindicalistas y empresarios sobre precios y salarios.<\/strong><\/p>\n<p>&nbsp;<\/p>\n<blockquote><p>&#8220;Cada sector debe estar dispuesto a contribuir. Nadie se salva solo. Es central coordinar esfuerzos para que el salario le gane a la inflaci\u00f3n&#8221;, dijo.<\/p><\/blockquote>\n<p>&nbsp;<\/p>\n<p>En esta l\u00ednea, resalt\u00f3 que <em>&#8220;durante 2020 se redujo en 18 puntos la inflaci\u00f3n que heredamos en 2019&#8221;<\/em>, y destac\u00f3 que el Estado recuper\u00f3 <em>&#8220;la capacidades de fiscalizaci\u00f3n que hab\u00edan mermado durante la gesti\u00f3n que nos precedi\u00f3&#8221;.<\/em><\/p>\n<p>&nbsp;<\/p>\n<p>Tras ponderar la<strong> Ley de Abastecimiento<\/strong> para garantizar que <em>&#8220;los alimentos y art\u00edculos esenciales est\u00e9n en la mesa de los argentinos&#8221;<\/em>, Fern\u00e1ndez cuestion\u00f3 a los sectores que <em>&#8220;amasan fortunas especulando con los precios&#8221;<\/em>, por lo que <strong>ratific\u00f3 el objetivo de<em> &#8220;hacer que los salarios crezcan y los precios se estabilicen&#8221;.<\/em><\/strong><\/p>\n<p>&nbsp;<\/p>\n<p>Tambi\u00e9n abog\u00f3 por <em>&#8220;una econom\u00eda \u00e9tica&#8221;<\/em> de desarrollo social y territorial en funci\u00f3n de un <em>&#8220;equilibrio&#8221;<\/em> que lleve prosperidad a todas las regiones del pa\u00eds, y no s\u00f3lo al centro. Y mencion\u00f3 un plan de <strong>diez medidas a futuro que incluyen la continuidad del plan Gas y el desarrollo de fuentes de energ\u00eda h\u00eddrica y solar.<\/strong><\/p>\n<p>&nbsp;<\/p>\n<p><img data-recalc-dims=\"1\" loading=\"lazy\" decoding=\"async\" class=\"alignnone size-full wp-image-15051\" src=\"https:\/\/i0.wp.com\/cdnoticias.com\/wp-content\/uploads\/2021\/03\/603d1e504d22e_900x506.jpg?resize=800%2C450&#038;ssl=1\" alt=\"\" width=\"800\" height=\"450\" srcset=\"https:\/\/i0.wp.com\/cdnoticias.com\/wp-content\/uploads\/2021\/03\/603d1e504d22e_900x506.jpg?w=900&amp;ssl=1 900w, https:\/\/i0.wp.com\/cdnoticias.com\/wp-content\/uploads\/2021\/03\/603d1e504d22e_900x506.jpg?resize=300%2C169&amp;ssl=1 300w, https:\/\/i0.wp.com\/cdnoticias.com\/wp-content\/uploads\/2021\/03\/603d1e504d22e_900x506.jpg?resize=768%2C432&amp;ssl=1 768w\" sizes=\"auto, (max-width: 800px) 100vw, 800px\" \/><\/p>\n<p>&nbsp;<\/p>\n<p><strong>&#8220;Con las convicciones intactas&#8221;<\/strong><\/p>\n<p>&nbsp;<\/p>\n<p>Al iniciar su discurso, el Presidente sostuvo que se presenta ante el Congreso nacional con sus <em>&#8220;convicciones intactas&#8221;<\/em> y con <em>&#8220;la humildad de quien puede reconocer errores y logros compartidos&#8221;.<\/em><\/p>\n<p>&nbsp;<\/p>\n<p>El mandatario les pidi\u00f3 <em>&#8220;reflexi\u00f3n colectiva&#8221;<\/em> a las <em>&#8220;fuerzas pol\u00edticas y a la sociedad<\/em>&#8221; en <em>&#8220;circunstancias tan excepcionales&#8221;<\/em> como las que se est\u00e1n viviendo en Argentina y en el mundo por la pandemia de coronavirus.<\/p>\n<p>&nbsp;<\/p>\n<p>Destac\u00f3 la labor de empresarios, movimientos populares, iglesias, organizaciones sociales, cient\u00edficos, fuerzas armadas y de seguridad, diplom\u00e1ticos, universidades, equipos docentes y directivos en el marco de la pandemia por el coronavirus.<\/p>\n<p>&nbsp;<\/p>\n<p><em>Fuente: T\u00e9lam\u00a0<\/em><\/p>\n","protected":false},"excerpt":{"rendered":"<p>El Presidente dijo que dio instrucciones para que se investigue &#8220;qui\u00e9nes fueron los autores de la mayor administraci\u00f3n fraudulenta y<\/p>\n","protected":false},"author":5,"featured_media":15050,"comment_status":"closed","ping_status":"closed","sticky":false,"template":"","format":"standard","meta":{"_jetpack_memberships_contains_paid_content":false,"footnotes":""},"categories":[6,1],"tags":[],"class_list":["post-15049","post","type-post","status-publish","format-standard","has-post-thumbnail","hentry","category-nacionales","category-portada"],"jetpack_featured_media_url":"https:\/\/i0.wp.com\/cdnoticias.com\/wp-content\/uploads\/2021\/03\/603d0c19f29ce_1004x565.jpg?fit=1004%2C565&ssl=1","jetpack_sharing_enabled":true,"_links":{"self":[{"href":"https:\/\/cdnoticias.com\/index.php\/wp-json\/wp\/v2\/posts\/15049","targetHints":{"allow":["GET"]}}],"collection":[{"href":"https:\/\/cdnoticias.com\/index.php\/wp-json\/wp\/v2\/posts"}],"about":[{"href":"https:\/\/cdnoticias.com\/index.php\/wp-json\/wp\/v2\/types\/post"}],"author":[{"embeddable":true,"href":"https:\/\/cdnoticias.com\/index.php\/wp-json\/wp\/v2\/users\/5"}],"replies":[{"embeddable":true,"href":"https:\/\/cdnoticias.com\/index.php\/wp-json\/wp\/v2\/comments?post=15049"}],"version-history":[{"count":0,"href":"https:\/\/cdnoticias.com\/index.php\/wp-json\/wp\/v2\/posts\/15049\/revisions"}],"wp:featuredmedia":[{"embeddable":true,"href":"https:\/\/cdnoticias.com\/index.php\/wp-json\/wp\/v2\/media\/15050"}],"wp:attachment":[{"href":"https:\/\/cdnoticias.com\/index.php\/wp-json\/wp\/v2\/media?parent=15049"}],"wp:term":[{"taxonomy":"category","embeddable":true,"href":"https:\/\/cdnoticias.com\/index.php\/wp-json\/wp\/v2\/categories?post=15049"},{"taxonomy":"post_tag","embeddable":true,"href":"https:\/\/cdnoticias.com\/index.php\/wp-json\/wp\/v2\/tags?post=15049"}],"curies":[{"name":"wp","href":"https:\/\/api.w.org\/{rel}","templated":true}]}}