{"id":150469,"date":"2022-09-27T18:37:15","date_gmt":"2022-09-27T21:37:15","guid":{"rendered":"http:\/\/centraldeportes.com.ar\/?p=23826"},"modified":"2022-09-27T18:37:15","modified_gmt":"2022-09-27T21:37:15","slug":"dos-partidos-le-dieron-continuidad-a-la-copa-olavarria","status":"publish","type":"post","link":"https:\/\/cdnoticias.com\/index.php\/2022\/09\/27\/dos-partidos-le-dieron-continuidad-a-la-copa-olavarria\/","title":{"rendered":"Dos partidos le dieron continuidad a la \u201cCopa Olavarr\u00eda\u201d"},"content":{"rendered":"<p>En la tarde de este martes, Municipales y Racing se enfrentaron en S\u00e9ptima y Novena por la 1\u00b0 fecha del nuevo certamen de las divisiones formativas.<!--more--><\/p>\n<hr \/>\n<p><strong>El predio de Municipales fue sede de los dos partidos que se disputaron en la tarde de este martes<\/strong>, correspondientes a la primera jornada de la \u201cCopa Ciudad de Olavarr\u00eda\u201d <a href=\"https:\/\/cdnoticias.com\/arranco-la-copa-ciudad-de-olavarria\/\">que hab\u00eda comenzado el pasado s\u00e1bado<\/a> con varios encuentros.<\/p>\n<p>&nbsp;<\/p>\n<p>Por un lado, en <strong>Novena divisi\u00f3n<\/strong>, <strong>Municipales y Racing empataron 0 a 0<\/strong> mientras que <strong>en S\u00e9ptima<\/strong> <strong>el<\/strong> <strong>\u201cChaira\u201d<\/strong>, vigente campe\u00f3n de la categor\u00eda, <strong>gole\u00f3 6 a 1 al elenco \u201cMunicipal\u201d<\/strong>.<\/p>\n<p>&nbsp;<\/p>\n<p>En la pr\u00f3xima fecha, Municipales estar\u00e1 midi\u00e9ndose ante San Mart\u00edn y Racing se enfrentar\u00e1 a Hinojo.<\/p>\n<p>&nbsp;<\/p>\n<p>Foto: <strong>Archivo<\/strong>.<\/p>\n","protected":false},"excerpt":{"rendered":"<p>En la tarde de este martes, Municipales y Racing se enfrentaron en S\u00e9ptima y Novena por la 1\u00b0 fecha del<\/p>\n","protected":false},"author":96739694,"featured_media":150471,"comment_status":"closed","ping_status":"closed","sticky":false,"template":"","format":"standard","meta":{"_jetpack_memberships_contains_paid_content":false,"footnotes":""},"categories":[35,40,1],"tags":[],"class_list":["post-150469","post","type-post","status-publish","format-standard","has-post-thumbnail","hentry","category-futbol","category-inferiores","category-portada"],"jetpack_featured_media_url":"https:\/\/i0.wp.com\/cdnoticias.com\/wp-content\/uploads\/2022\/07\/inf-lfo_13.jpg?fit=1255%2C853&ssl=1","jetpack_sharing_enabled":true,"_links":{"self":[{"href":"https:\/\/cdnoticias.com\/index.php\/wp-json\/wp\/v2\/posts\/150469","targetHints":{"allow":["GET"]}}],"collection":[{"href":"https:\/\/cdnoticias.com\/index.php\/wp-json\/wp\/v2\/posts"}],"about":[{"href":"https:\/\/cdnoticias.com\/index.php\/wp-json\/wp\/v2\/types\/post"}],"author":[{"embeddable":true,"href":"https:\/\/cdnoticias.com\/index.php\/wp-json\/wp\/v2\/users\/96739694"}],"replies":[{"embeddable":true,"href":"https:\/\/cdnoticias.com\/index.php\/wp-json\/wp\/v2\/comments?post=150469"}],"version-history":[{"count":0,"href":"https:\/\/cdnoticias.com\/index.php\/wp-json\/wp\/v2\/posts\/150469\/revisions"}],"wp:featuredmedia":[{"embeddable":true,"href":"https:\/\/cdnoticias.com\/index.php\/wp-json\/wp\/v2\/media\/150471"}],"wp:attachment":[{"href":"https:\/\/cdnoticias.com\/index.php\/wp-json\/wp\/v2\/media?parent=150469"}],"wp:term":[{"taxonomy":"category","embeddable":true,"href":"https:\/\/cdnoticias.com\/index.php\/wp-json\/wp\/v2\/categories?post=150469"},{"taxonomy":"post_tag","embeddable":true,"href":"https:\/\/cdnoticias.com\/index.php\/wp-json\/wp\/v2\/tags?post=150469"}],"curies":[{"name":"wp","href":"https:\/\/api.w.org\/{rel}","templated":true}]}}