{"id":150462,"date":"2022-08-21T22:01:21","date_gmt":"2022-08-22T01:01:21","guid":{"rendered":"http:\/\/centraldeportes.com.ar\/?p=21266"},"modified":"2022-08-21T22:01:21","modified_gmt":"2022-08-22T01:01:21","slug":"espigas-se-consagro-campeon-del-torneo-oficial-de-la-primera-b","status":"publish","type":"post","link":"https:\/\/cdnoticias.com\/index.php\/2022\/08\/21\/espigas-se-consagro-campeon-del-torneo-oficial-de-la-primera-b\/","title":{"rendered":"Espigas se consagr\u00f3 campe\u00f3n del Torneo Oficial de la Primera B"},"content":{"rendered":"<p>En la definici\u00f3n de los playoffs de Primera Divisi\u00f3n, venci\u00f3 5 a 4 en la tanda de penales a El Provincial luego de igualar 1 a 1 en tiempo reglamentario. Adem\u00e1s, en Reserva, tambi\u00e9n festej\u00f3 Espigas desde la definici\u00f3n del punto penal.<!--more--><\/p>\n<hr \/>\n<p>Durante la tarde de este domingo, en cancha de Villa Mi Serran\u00eda, se disputaron los compromisos entre Espigas y El Provincial correspondientes a los playoffs del Torneo de Primera B organizado por la Liga de F\u00fatbol de Olavarr\u00eda.<\/p>\n<p>&nbsp;<\/p>\n<p><b>En Primera, Espigas se consagr\u00f3 campe\u00f3n absoluto del Apertura 2022 luego de vencer por 5 a 4 a El Provincial\u00a0en los penales tras empatar 1 a 1 en tiempo reglamentario<\/b>. <strong>H\u00e9ctor Buceta<\/strong> hab\u00eda puesto en ventaja al \u201cAurinegro\u201d y luego empat\u00f3 <strong>Federico Serrano<\/strong> para el conjunto \u201cChacarero\u201d. De esta manera, Espigas consigui\u00f3 un lugar en la definici\u00f3n por el ascenso al f\u00fatbol mayor de Olavarr\u00eda donde se enfrentar\u00e1 al campe\u00f3n del Clausura.<\/p>\n<p>&nbsp;<\/p>\n<p><strong>Por su parte en Reserva, tambi\u00e9n festej\u00f3 el \u201cVerdirrojo\u201d desde la definici\u00f3n del punto penal<\/strong>. Le gan\u00f3 5 a 3 a El Provincial tras igualar en 1 durante los 90\u2019 y <strong>jugar\u00e1 el pr\u00f3ximo domingo 28 la definici\u00f3n del Apertura tambi\u00e9n ante el \u201cAurinegro\u201d<\/strong>.<\/p>\n","protected":false},"excerpt":{"rendered":"<p>En la definici\u00f3n de los playoffs de Primera Divisi\u00f3n, venci\u00f3 5 a 4 en la tanda de penales a El<\/p>\n","protected":false},"author":96739694,"featured_media":150463,"comment_status":"closed","ping_status":"closed","sticky":false,"template":"","format":"standard","meta":{"_jetpack_memberships_contains_paid_content":false,"footnotes":""},"categories":[35,1,41],"tags":[],"class_list":["post-150462","post","type-post","status-publish","format-standard","has-post-thumbnail","hentry","category-futbol","category-portada","category-primera-y-reserva"],"jetpack_featured_media_url":"https:\/\/i0.wp.com\/cdnoticias.com\/wp-content\/uploads\/2022\/07\/primera-b_3.jpg?fit=1280%2C828&ssl=1","jetpack_sharing_enabled":true,"_links":{"self":[{"href":"https:\/\/cdnoticias.com\/index.php\/wp-json\/wp\/v2\/posts\/150462","targetHints":{"allow":["GET"]}}],"collection":[{"href":"https:\/\/cdnoticias.com\/index.php\/wp-json\/wp\/v2\/posts"}],"about":[{"href":"https:\/\/cdnoticias.com\/index.php\/wp-json\/wp\/v2\/types\/post"}],"author":[{"embeddable":true,"href":"https:\/\/cdnoticias.com\/index.php\/wp-json\/wp\/v2\/users\/96739694"}],"replies":[{"embeddable":true,"href":"https:\/\/cdnoticias.com\/index.php\/wp-json\/wp\/v2\/comments?post=150462"}],"version-history":[{"count":0,"href":"https:\/\/cdnoticias.com\/index.php\/wp-json\/wp\/v2\/posts\/150462\/revisions"}],"wp:featuredmedia":[{"embeddable":true,"href":"https:\/\/cdnoticias.com\/index.php\/wp-json\/wp\/v2\/media\/150463"}],"wp:attachment":[{"href":"https:\/\/cdnoticias.com\/index.php\/wp-json\/wp\/v2\/media?parent=150462"}],"wp:term":[{"taxonomy":"category","embeddable":true,"href":"https:\/\/cdnoticias.com\/index.php\/wp-json\/wp\/v2\/categories?post=150462"},{"taxonomy":"post_tag","embeddable":true,"href":"https:\/\/cdnoticias.com\/index.php\/wp-json\/wp\/v2\/tags?post=150462"}],"curies":[{"name":"wp","href":"https:\/\/api.w.org\/{rel}","templated":true}]}}