{"id":150430,"date":"2022-09-27T09:18:17","date_gmt":"2022-09-27T12:18:17","guid":{"rendered":"http:\/\/centraldeportes.com.ar\/?p=23771"},"modified":"2022-09-27T09:18:17","modified_gmt":"2022-09-27T12:18:17","slug":"ciclismo-hubo-actividad-solidaria-y-triunfo-para-pablo-brun","status":"publish","type":"post","link":"https:\/\/cdnoticias.com\/index.php\/2022\/09\/27\/ciclismo-hubo-actividad-solidaria-y-triunfo-para-pablo-brun\/","title":{"rendered":"Ciclismo: hubo actividad solidaria y triunfo para Pablo Brun"},"content":{"rendered":"<p>El pasado s\u00e1bado en la pista municipal \u201c\u00c1ngel Corradi\u201d se realiz\u00f3 un nuevo festival de ciclismo que tuvo un fin solidario y en la categor\u00eda principal el triunfo fue para Pablo Brun.<!--more--><\/p>\n<hr \/>\n<p>Luego de que un ciclista sufriera diversas fracturas en un festival pasado, la UCO organiz\u00f3 la actividad solidaria para recaudar fondos para que pueda ser sometido a la intervenci\u00f3n quir\u00fargica.<\/p>\n<p>&nbsp;<\/p>\n<p>La entidad reguladora de la actividad se hizo cargo de la compra de los clavos y la pr\u00f3tesis necesaria para el deportista y el pasado s\u00e1bado, un centenar de deportistas se sumaron a la competencia solidaria y en la competencia principal de Libre, el triunfo correspondi\u00f3 a Pablo Brun.<\/p>\n<p>&nbsp;<\/p>\n<p>Adem\u00e1s, en Principiantes, compitieron Alexander Oron\u00e1, Emilio Vicente, Isa\u00edas Silva, Valent\u00edn Manno y Diego Prado.<\/p>\n<p>&nbsp;<\/p>\n<p>Los resultados:<br \/>\nLibre: 1\u00ba) Pablo Brun, 2\u00ba) Nicol\u00e1s Albano, 3\u00ba) Jorge Cejas, 4\u00ba) Jony Aguirre, 5\u00ba) Nehuen Erripa.<br \/>\nM\u00e1ster C: 1\u00ba) Miguel D\u00edaz, 2\u00ba) Miguel Vargas, 3\u00ba) Miguel Barzola.<br \/>\nM\u00e1ster B: 1\u00ba) Esteban Rold\u00e1n.<br \/>\nM\u00e1ster D: 1\u00ba) Norberto P\u00e9rez, 2\u00ba) Roberto Hern\u00e1ndez, 3\u00ba) Jorge Olmedo, 4\u00ba) \u201cChori\u201d Gocella, 5\u00ba) Eduardo Sol\u00eds.<br \/>\nPromocionales: 1\u00ba) Jorge Maldonado, 2\u00ba) Paulo P\u00e9rez, 3\u00ba) Lucas Barraza, 4\u00ba) Eduardo Castro, 5\u00ba) Francisco Posse.<\/p>\n","protected":false},"excerpt":{"rendered":"<p>El pasado s\u00e1bado en la pista municipal \u201c\u00c1ngel Corradi\u201d se realiz\u00f3 un nuevo festival de ciclismo que tuvo un fin<\/p>\n","protected":false},"author":96739694,"featured_media":150431,"comment_status":"closed","ping_status":"closed","sticky":false,"template":"","format":"standard","meta":{"_jetpack_memberships_contains_paid_content":false,"footnotes":""},"categories":[30,1],"tags":[],"class_list":["post-150430","post","type-post","status-publish","format-standard","has-post-thumbnail","hentry","category-polideportivo","category-portada"],"jetpack_featured_media_url":"https:\/\/i0.wp.com\/cdnoticias.com\/wp-content\/uploads\/2022\/09\/306084454_485279893608055_4003291050806550966_n-e1664281089294.jpg?fit=960%2C542&ssl=1","jetpack_sharing_enabled":true,"_links":{"self":[{"href":"https:\/\/cdnoticias.com\/index.php\/wp-json\/wp\/v2\/posts\/150430","targetHints":{"allow":["GET"]}}],"collection":[{"href":"https:\/\/cdnoticias.com\/index.php\/wp-json\/wp\/v2\/posts"}],"about":[{"href":"https:\/\/cdnoticias.com\/index.php\/wp-json\/wp\/v2\/types\/post"}],"author":[{"embeddable":true,"href":"https:\/\/cdnoticias.com\/index.php\/wp-json\/wp\/v2\/users\/96739694"}],"replies":[{"embeddable":true,"href":"https:\/\/cdnoticias.com\/index.php\/wp-json\/wp\/v2\/comments?post=150430"}],"version-history":[{"count":0,"href":"https:\/\/cdnoticias.com\/index.php\/wp-json\/wp\/v2\/posts\/150430\/revisions"}],"wp:featuredmedia":[{"embeddable":true,"href":"https:\/\/cdnoticias.com\/index.php\/wp-json\/wp\/v2\/media\/150431"}],"wp:attachment":[{"href":"https:\/\/cdnoticias.com\/index.php\/wp-json\/wp\/v2\/media?parent=150430"}],"wp:term":[{"taxonomy":"category","embeddable":true,"href":"https:\/\/cdnoticias.com\/index.php\/wp-json\/wp\/v2\/categories?post=150430"},{"taxonomy":"post_tag","embeddable":true,"href":"https:\/\/cdnoticias.com\/index.php\/wp-json\/wp\/v2\/tags?post=150430"}],"curies":[{"name":"wp","href":"https:\/\/api.w.org\/{rel}","templated":true}]}}