{"id":150374,"date":"2022-08-20T14:02:05","date_gmt":"2022-08-20T17:02:05","guid":{"rendered":"http:\/\/centraldeportes.com.ar\/?p=21074"},"modified":"2022-08-20T14:02:05","modified_gmt":"2022-08-20T17:02:05","slug":"mateo-mendia-entrenara-con-la-seleccion-argentina-sub20","status":"publish","type":"post","link":"https:\/\/cdnoticias.com\/index.php\/2022\/08\/20\/mateo-mendia-entrenara-con-la-seleccion-argentina-sub20\/","title":{"rendered":"Mateo Mend\u00eda entrenar\u00e1 con la Selecci\u00f3n Argentina Sub20"},"content":{"rendered":"<p>El defensor olavarriense Mateo Mend\u00eda se presentar\u00e1 la venidera semana a entrenar bajo las \u00f3rdenes de Javier Mascherano.<!--more--><\/p>\n<hr \/>\n<p>Mateo Mend\u00eda fue citado por Javier Mascherano a realizar entrenamientos con la Selecci\u00f3n Argentina Sub20.<\/p>\n<p>&nbsp;<\/p>\n<p>El futbolista que se desempe\u00f1a en Boca Juniors entrenar\u00e1 en el predio de Ezeiza desde el venidero lunes hasta el mi\u00e9rcoles.<\/p>\n","protected":false},"excerpt":{"rendered":"<p>El defensor olavarriense Mateo Mend\u00eda se presentar\u00e1 la venidera semana a entrenar bajo las \u00f3rdenes de Javier Mascherano.<\/p>\n","protected":false},"author":96739694,"featured_media":144682,"comment_status":"closed","ping_status":"closed","sticky":false,"template":"","format":"standard","meta":{"_jetpack_memberships_contains_paid_content":false,"footnotes":""},"categories":[35,40,1],"tags":[],"class_list":["post-150374","post","type-post","status-publish","format-standard","has-post-thumbnail","hentry","category-futbol","category-inferiores","category-portada"],"jetpack_featured_media_url":"https:\/\/i0.wp.com\/cdnoticias.com\/wp-content\/uploads\/2021\/11\/mendia-campeon-boca.png?fit=800%2C445&ssl=1","jetpack_sharing_enabled":true,"_links":{"self":[{"href":"https:\/\/cdnoticias.com\/index.php\/wp-json\/wp\/v2\/posts\/150374","targetHints":{"allow":["GET"]}}],"collection":[{"href":"https:\/\/cdnoticias.com\/index.php\/wp-json\/wp\/v2\/posts"}],"about":[{"href":"https:\/\/cdnoticias.com\/index.php\/wp-json\/wp\/v2\/types\/post"}],"author":[{"embeddable":true,"href":"https:\/\/cdnoticias.com\/index.php\/wp-json\/wp\/v2\/users\/96739694"}],"replies":[{"embeddable":true,"href":"https:\/\/cdnoticias.com\/index.php\/wp-json\/wp\/v2\/comments?post=150374"}],"version-history":[{"count":0,"href":"https:\/\/cdnoticias.com\/index.php\/wp-json\/wp\/v2\/posts\/150374\/revisions"}],"wp:featuredmedia":[{"embeddable":true,"href":"https:\/\/cdnoticias.com\/index.php\/wp-json\/wp\/v2\/media\/144682"}],"wp:attachment":[{"href":"https:\/\/cdnoticias.com\/index.php\/wp-json\/wp\/v2\/media?parent=150374"}],"wp:term":[{"taxonomy":"category","embeddable":true,"href":"https:\/\/cdnoticias.com\/index.php\/wp-json\/wp\/v2\/categories?post=150374"},{"taxonomy":"post_tag","embeddable":true,"href":"https:\/\/cdnoticias.com\/index.php\/wp-json\/wp\/v2\/tags?post=150374"}],"curies":[{"name":"wp","href":"https:\/\/api.w.org\/{rel}","templated":true}]}}