{"id":150367,"date":"2022-08-20T14:02:31","date_gmt":"2022-08-20T17:02:31","guid":{"rendered":"http:\/\/centraldeportes.com.ar\/?p=21055"},"modified":"2022-08-20T14:02:31","modified_gmt":"2022-08-20T17:02:31","slug":"medalla-de-plata-en-el-torneo-sudamericano-para-un-representante-local","status":"publish","type":"post","link":"https:\/\/cdnoticias.com\/index.php\/2022\/08\/20\/medalla-de-plata-en-el-torneo-sudamericano-para-un-representante-local\/","title":{"rendered":"Medalla de plata en el Torneo Sudamericano para un representante local"},"content":{"rendered":"<p>Nahuel Terenzano viaj\u00f3 d\u00edas atr\u00e1s al Torneo Sudamericano en Brasil y logr\u00f3 regresar con una medalla de plata.<!--more--><\/p>\n<hr \/>\n<p>El taekwondista particip\u00f3 en Foz de Iguazu del 10 al 13 de agosto en la especialidad de lucha y forma en la categor\u00eda cintur\u00f3n negro juvenil 14 &#8211; 15 a\u00f1os liviano y logr\u00f3 el segundo puesto en lucha.<\/p>\n<p>&nbsp;<\/p>\n<p>Terenzano que entrena bajo las \u00f3rdenes del Maestro Andr\u00e9s Carosella, viaj\u00f3 con una delegaci\u00f3n de la federaci\u00f3n FETRA ITF.<\/p>\n<p>&nbsp;<\/p>\n<p>Por otro lado,\u00a0competidores que viajaron con el Maestro Andres Carosella y los instructores Sabum Nim Karina Taborda, Diego Soria y Juan Lopetegui se presentaron en las Semifinales de la Copa Buenos Aires y lograron buenos resultados.<\/p>\n<p>&nbsp;<\/p>\n<p>En el Parque Municipal Eva Per\u00f3n,\u00a0Santiago Galli\u00a0 fue tercero y Ramiro Soria tuvo una muy buena actuaci\u00f3n en la semifinal.<\/p>\n","protected":false},"excerpt":{"rendered":"<p>Nahuel Terenzano viaj\u00f3 d\u00edas atr\u00e1s al Torneo Sudamericano en Brasil y logr\u00f3 regresar con una medalla de plata.<\/p>\n","protected":false},"author":96739694,"featured_media":150368,"comment_status":"closed","ping_status":"closed","sticky":false,"template":"","format":"standard","meta":{"_jetpack_memberships_contains_paid_content":false,"footnotes":""},"categories":[30,1],"tags":[],"class_list":["post-150367","post","type-post","status-publish","format-standard","has-post-thumbnail","hentry","category-polideportivo","category-portada"],"jetpack_featured_media_url":"https:\/\/i0.wp.com\/cdnoticias.com\/wp-content\/uploads\/2022\/08\/WhatsApp-Image-2022-08-19-at-7.28.55-PM.jpeg?fit=968%2C573&ssl=1","jetpack_sharing_enabled":true,"_links":{"self":[{"href":"https:\/\/cdnoticias.com\/index.php\/wp-json\/wp\/v2\/posts\/150367","targetHints":{"allow":["GET"]}}],"collection":[{"href":"https:\/\/cdnoticias.com\/index.php\/wp-json\/wp\/v2\/posts"}],"about":[{"href":"https:\/\/cdnoticias.com\/index.php\/wp-json\/wp\/v2\/types\/post"}],"author":[{"embeddable":true,"href":"https:\/\/cdnoticias.com\/index.php\/wp-json\/wp\/v2\/users\/96739694"}],"replies":[{"embeddable":true,"href":"https:\/\/cdnoticias.com\/index.php\/wp-json\/wp\/v2\/comments?post=150367"}],"version-history":[{"count":0,"href":"https:\/\/cdnoticias.com\/index.php\/wp-json\/wp\/v2\/posts\/150367\/revisions"}],"wp:featuredmedia":[{"embeddable":true,"href":"https:\/\/cdnoticias.com\/index.php\/wp-json\/wp\/v2\/media\/150368"}],"wp:attachment":[{"href":"https:\/\/cdnoticias.com\/index.php\/wp-json\/wp\/v2\/media?parent=150367"}],"wp:term":[{"taxonomy":"category","embeddable":true,"href":"https:\/\/cdnoticias.com\/index.php\/wp-json\/wp\/v2\/categories?post=150367"},{"taxonomy":"post_tag","embeddable":true,"href":"https:\/\/cdnoticias.com\/index.php\/wp-json\/wp\/v2\/tags?post=150367"}],"curies":[{"name":"wp","href":"https:\/\/api.w.org\/{rel}","templated":true}]}}