{"id":150327,"date":"2022-08-19T15:06:20","date_gmt":"2022-08-19T18:06:20","guid":{"rendered":"http:\/\/centraldeportes.com.ar\/?p=21039"},"modified":"2022-08-19T15:06:20","modified_gmt":"2022-08-19T18:06:20","slug":"podio-para-lola-sanchez-en-el-campeonato-nacional","status":"publish","type":"post","link":"https:\/\/cdnoticias.com\/index.php\/2022\/08\/19\/podio-para-lola-sanchez-en-el-campeonato-nacional\/","title":{"rendered":"Podio para Lola S\u00e1nchez en el Campeonato Nacional"},"content":{"rendered":"<p>Representantes olavarrienses dijeron presente en el Campeonato Nacional de Tiro y hubo podio para Lola S\u00e1nchez.<!--more--><\/p>\n<hr \/>\n<p>Tiradores del Tiro Federal de Olavarr\u00eda compitieron en uno de los cert\u00e1menes m\u00e1s importantes del tiro argentino y lograron destacados resultados en el 80\u00b0 Campeonato Nacional de Aire.<\/p>\n<p>&nbsp;<\/p>\n<p>Los olavarrienses se presentaron en distintas categor\u00edas y la mejor posici\u00f3n fue el tercer puesto de Lola S\u00e1nchez detr\u00e1s de Fernanda Russo yAmelia Fournel, ambas con experiencia en Juegos Ol\u00edmpicos.<\/p>\n<p>&nbsp;<\/p>\n<p>Cintia Bah\u00eda qued\u00f3 16\u00b0 con 583.9 y Aaron Bah\u00eda fue octavo con 567.7, los dos en la categor\u00eda Junior.<\/p>\n<p>&nbsp;<\/p>\n<p>En la competencia por equipos, S\u00e1nchez y Bah\u00eda fueron cuartas en el equipo de dos, mientras que S\u00e1nchez y Cintia y Aaron Bah\u00eda lograron el octavo puesto en el conjunto de tres.<\/p>\n","protected":false},"excerpt":{"rendered":"<p>Representantes olavarrienses dijeron presente en el Campeonato Nacional de Tiro y hubo podio para Lola S\u00e1nchez.<\/p>\n","protected":false},"author":96739694,"featured_media":150328,"comment_status":"closed","ping_status":"closed","sticky":false,"template":"","format":"standard","meta":{"_jetpack_memberships_contains_paid_content":false,"footnotes":""},"categories":[30,1],"tags":[],"class_list":["post-150327","post","type-post","status-publish","format-standard","has-post-thumbnail","hentry","category-polideportivo","category-portada"],"jetpack_featured_media_url":"https:\/\/i0.wp.com\/cdnoticias.com\/wp-content\/uploads\/2022\/08\/WhatsApp-Image-2022-08-13-at-7.03.48-PM-e1660932375977.jpeg?fit=1200%2C832&ssl=1","jetpack_sharing_enabled":true,"_links":{"self":[{"href":"https:\/\/cdnoticias.com\/index.php\/wp-json\/wp\/v2\/posts\/150327","targetHints":{"allow":["GET"]}}],"collection":[{"href":"https:\/\/cdnoticias.com\/index.php\/wp-json\/wp\/v2\/posts"}],"about":[{"href":"https:\/\/cdnoticias.com\/index.php\/wp-json\/wp\/v2\/types\/post"}],"author":[{"embeddable":true,"href":"https:\/\/cdnoticias.com\/index.php\/wp-json\/wp\/v2\/users\/96739694"}],"replies":[{"embeddable":true,"href":"https:\/\/cdnoticias.com\/index.php\/wp-json\/wp\/v2\/comments?post=150327"}],"version-history":[{"count":0,"href":"https:\/\/cdnoticias.com\/index.php\/wp-json\/wp\/v2\/posts\/150327\/revisions"}],"wp:featuredmedia":[{"embeddable":true,"href":"https:\/\/cdnoticias.com\/index.php\/wp-json\/wp\/v2\/media\/150328"}],"wp:attachment":[{"href":"https:\/\/cdnoticias.com\/index.php\/wp-json\/wp\/v2\/media?parent=150327"}],"wp:term":[{"taxonomy":"category","embeddable":true,"href":"https:\/\/cdnoticias.com\/index.php\/wp-json\/wp\/v2\/categories?post=150327"},{"taxonomy":"post_tag","embeddable":true,"href":"https:\/\/cdnoticias.com\/index.php\/wp-json\/wp\/v2\/tags?post=150327"}],"curies":[{"name":"wp","href":"https:\/\/api.w.org\/{rel}","templated":true}]}}