{"id":150307,"date":"2022-08-07T19:14:17","date_gmt":"2022-08-07T22:14:17","guid":{"rendered":"http:\/\/centraldeportes.com.ar\/?p=20565"},"modified":"2022-08-07T19:14:17","modified_gmt":"2022-08-07T22:14:17","slug":"ferro-goleo-y-clasifico-a-cuartos-de-final-del-torneo-interligas","status":"publish","type":"post","link":"https:\/\/cdnoticias.com\/index.php\/2022\/08\/07\/ferro-goleo-y-clasifico-a-cuartos-de-final-del-torneo-interligas\/","title":{"rendered":"Ferro gole\u00f3 y clasific\u00f3 a cuartos de final del Torneo Interligas"},"content":{"rendered":"<p>En el Parque Carlos Guerrero, el \u201cCarbonero\u201d super\u00f3 3 a 0 a Empleados de Bol\u00edvar en el cierre de la fase de grupos del certamen organizado por la Uni\u00f3n Deportiva Regional. Ahora en cuartos, se ver\u00e1 las caras ante Racing.<!--more--><\/p>\n<hr \/>\n<p>En la fr\u00eda tarde de este domingo, <strong>Ferro y Empleados afrontaron su compromiso por la s\u00e9ptima y \u00faltima fecha de la Zona 3<\/strong> del Torneo que re\u00fane a las ligas de Olavarr\u00eda, Bol\u00edvar y Laprida.<\/p>\n<p>&nbsp;<\/p>\n<p>Con Estudiantes como \u00fanico clasificado del grupo, el \u201cCarbonero\u201d deb\u00eda sacar un resultado positivo para meterse entre los 8 mejores y as\u00ed lo hizo.<strong> Fue con goleada, 3 a 0 sobre el elenco bolivarense con goles de Quimey Mar\u00edn de penal y un doblete de Lorenzo Ferrara<\/strong>.<\/p>\n<p>&nbsp;<\/p>\n<p><strong>El partido<\/strong>:<\/p>\n<p>Los primeros 45 minutos fue dominio absoluto del conjunto dirigido por Mauricio Peralta. Control\u00f3 las acciones, se adue\u00f1\u00f3 de la mitad de la cancha con Duarte como figura principal y lleg\u00f3 en demas\u00eda al arco defendido por Santos. No obstante, a pesar de que se fue al descanso ganando solo por un gol, el \u201cCarbonero\u201d pudo haber aumentado la diferencia pero le falt\u00f3 una cuota de precisi\u00f3n para finalizar las jugadas.<\/p>\n<p>&nbsp;<\/p>\n<p>Desde el primer minuto Ferro sali\u00f3 decidido a tomar la iniciativa en el cotejo. A los 2\u2019, lo tuvo Penna con un cabezazo que pas\u00f3 apenas desviado por encima del travesa\u00f1o. M\u00e1s tarde, a los 21\u2019, el volante pudo haber aumentado la diferencia pero sac\u00f3 una volea demasiado elevada.<\/p>\n<p>&nbsp;<\/p>\n<p>[soliloquy slug=&#8221;ferro-empleados&#8221;]<\/p>\n<p>&nbsp;<\/p>\n<p>Sin embargo, a los 11\u2019, Mar\u00edn presion\u00f3 la salida del fondo de Empleados, le gan\u00f3 la posici\u00f3n a Castro y \u00e9ste le cometi\u00f3 clara falta dentro del \u00e1rea, por lo que sin dudar el \u00e1rbitro del encuentro pit\u00f3 la pena m\u00e1xima. <strong>Un minuto despu\u00e9s fue el mismo Quimey Mar\u00edn el que intercambi\u00f3 por gol para el 1 a 0 parcial a favor de Ferro<\/strong>.<\/p>\n<p>&nbsp;<\/p>\n<p>Aprovechando el desconcierto defensivo del \u201cGallego\u201d, el conjunto de Peralta continu\u00f3 generando varias chances para aumentar la diferencia. A los 17\u2019, luego de una buena jugada colectiva, lo tuvo G\u00f3mez con una definici\u00f3n de tijera que se fue al lado del palo.<\/p>\n<p>&nbsp;<\/p>\n<p>Poco conformes con lo mostrado en la primera etapa, los dirigidos por Zorrilla salieron mejor en el complemento y hubo m\u00e1s paridad en el juego. Tuvo el empate a los 57\u2019 por medio de \u00c1lvarez, quien vio adelantado al arquero y sac\u00f3 un disparo de larga distancia que alcanz\u00f3 a salvar el guardameta \u201cCarbonero\u201d.<\/p>\n<p>&nbsp;<\/p>\n<p>Pese a esto, <strong>Ferro se mantuvo fino en ataque y logr\u00f3 aumentar la diferencia aprovechando la capacidad goleadora de Lorenzo Ferrara. Ambos fueron de cabeza, primero a los 59\u2019 y luego a los 71\u2019 tras un centro medido de Vivas desde el sector derecho<\/strong>.<\/p>\n<p>&nbsp;<\/p>\n<p>Casi sobre el cierre, a los 80\u2019, Fern\u00e1ndez tuvo el descuento para Empleados pero alcanz\u00f3 a sacar la pelota Herrera sobre la l\u00ednea. <strong>De esta manera, el \u201cCarbonero\u201d cumpli\u00f3 el objetivo y se meti\u00f3 en cuartos de final del Torneo Interligas donde se estar\u00e1 enfrentando a Racing<\/strong>, que cay\u00f3 el viernes pasado ante Luj\u00e1n por 1 a 0 en la apertura de la fecha.<\/p>\n<p>&nbsp;<\/p>\n<p>S\u00edntesis Ferro Carril Sud \u2013 Empleados de Comercio (Bol\u00edvar):<\/p>\n<p><strong>Ferro Carril Sud (3):<\/strong> Santiago P\u00e9rez; Jos\u00e9 Luis Vivas, Enzo Su\u00e1rez (M. Herrera), Mateo Tamagnini, Dionisio Schwindt; Iv\u00e1n G\u00f3mez (M. Gargaglione), Leonel Duarte, Ram\u00f3n S\u00e1nchez (H. Blanco), Jonathan Penna (G. Vidal); Lorenzo Ferrara y Quimey Mar\u00edn (L. Lamela). DT: Mauricio Peralta.<\/p>\n<p><strong>Empleados (0): <\/strong>Enzo Santos; Facundo Lezcano, Manuel Ducasse, Tom\u00e1s Castro (T. Vicente), Joaqu\u00edn Piccirillo (J. Aristondo); Nahuel Su\u00e1rez, Dante Zona, Manuel Barrenechea (M. Curto), Tom\u00e1s Fal; Fernando Villanueva y Agust\u00edn \u00c1lvarez (G. Fern\u00e1ndez). DT: Julio Zorrilla.<\/p>\n<p><strong>Goles<\/strong>: 12m. PT Quimey Mar\u00edn \u2013 p \u2013 (FCS); 14m. ST y 26m. ST Lorenzo Ferrara (FCS).<\/p>\n<p><strong>Amarillas<\/strong>: Zona (Empleados) y G\u00f3mez (Ferro).<\/p>\n<p><strong>Expulsados<\/strong>: No hubo.<\/p>\n<p><strong>\u00c1rbitro<\/strong>: Nicol\u00e1s Moreno. <strong>Estadio<\/strong>: Parque Carlos Guerrero (Local Ferro).<\/p>\n","protected":false},"excerpt":{"rendered":"<p>En el Parque Carlos Guerrero, el \u201cCarbonero\u201d super\u00f3 3 a 0 a Empleados de Bol\u00edvar en el cierre de la<\/p>\n","protected":false},"author":96739694,"featured_media":150309,"comment_status":"closed","ping_status":"closed","sticky":false,"template":"","format":"standard","meta":{"_jetpack_memberships_contains_paid_content":false,"footnotes":""},"categories":[35,1,41],"tags":[],"class_list":["post-150307","post","type-post","status-publish","format-standard","has-post-thumbnail","hentry","category-futbol","category-portada","category-primera-y-reserva"],"jetpack_featured_media_url":"https:\/\/i0.wp.com\/cdnoticias.com\/wp-content\/uploads\/2022\/08\/Photo_1659905191907.jpg?fit=1500%2C1000&ssl=1","jetpack_sharing_enabled":true,"_links":{"self":[{"href":"https:\/\/cdnoticias.com\/index.php\/wp-json\/wp\/v2\/posts\/150307","targetHints":{"allow":["GET"]}}],"collection":[{"href":"https:\/\/cdnoticias.com\/index.php\/wp-json\/wp\/v2\/posts"}],"about":[{"href":"https:\/\/cdnoticias.com\/index.php\/wp-json\/wp\/v2\/types\/post"}],"author":[{"embeddable":true,"href":"https:\/\/cdnoticias.com\/index.php\/wp-json\/wp\/v2\/users\/96739694"}],"replies":[{"embeddable":true,"href":"https:\/\/cdnoticias.com\/index.php\/wp-json\/wp\/v2\/comments?post=150307"}],"version-history":[{"count":0,"href":"https:\/\/cdnoticias.com\/index.php\/wp-json\/wp\/v2\/posts\/150307\/revisions"}],"wp:featuredmedia":[{"embeddable":true,"href":"https:\/\/cdnoticias.com\/index.php\/wp-json\/wp\/v2\/media\/150309"}],"wp:attachment":[{"href":"https:\/\/cdnoticias.com\/index.php\/wp-json\/wp\/v2\/media?parent=150307"}],"wp:term":[{"taxonomy":"category","embeddable":true,"href":"https:\/\/cdnoticias.com\/index.php\/wp-json\/wp\/v2\/categories?post=150307"},{"taxonomy":"post_tag","embeddable":true,"href":"https:\/\/cdnoticias.com\/index.php\/wp-json\/wp\/v2\/tags?post=150307"}],"curies":[{"name":"wp","href":"https:\/\/api.w.org\/{rel}","templated":true}]}}