{"id":150305,"date":"2022-08-19T18:21:24","date_gmt":"2022-08-19T21:21:24","guid":{"rendered":"http:\/\/centraldeportes.com.ar\/?p=21044"},"modified":"2022-08-19T18:21:24","modified_gmt":"2022-08-19T21:21:24","slug":"el-torneo-apertura-de-cae-termino-con-la-2-fecha","status":"publish","type":"post","link":"https:\/\/cdnoticias.com\/index.php\/2022\/08\/19\/el-torneo-apertura-de-cae-termino-con-la-2-fecha\/","title":{"rendered":"El Torneo Apertura de CAE termin\u00f3 con la 2\u00b0 fecha"},"content":{"rendered":"<p>En el transcurso de la semana se complet\u00f3 la 2\u00b0 fecha del Torneo Apertura de pelota paleta que se lleva a cabo en el trinquete del Parque Guerrero.<\/p>\n<p><!--more--><\/p>\n<hr \/>\n<p>La competencia organizada por la Subcomisi\u00f3n de Pelota Paleta del Club Estudiantes es todo un \u00e9xito y en el transcurso de los \u00faltimos d\u00edas prosigui\u00f3 la actividad.<\/p>\n<p>&nbsp;<\/p>\n<p>Los resultados:<\/p>\n<p>&nbsp;<\/p>\n<p>Fecha 2:<\/p>\n<p>Categor\u00eda C &#8211; Fecha 2:<\/p>\n<p>Juan Caballero &#8211; Diego Torres 2 &#8211; 0 Paola Larios &#8211; Mart\u00edn Merlo (20\/14 &#8211; 20\/14)<\/p>\n<p>Agust\u00edn Coronel &#8211; Ignacio Giorgi 2 &#8211; 0 Ver\u00f3nica Befumo &#8211; Roberto Salas (20\/15 &#8211; 20\/14)<\/p>\n<p>Nahuel Carranza &#8211; C\u00e9sar Delfino 2 &#8211; 1 Ferm\u00edn Puchetta &#8211; Eduardo Hoffer (18\/20 &#8211; 20\/15 &#8211; 15\/8)<\/p>\n<p>Categor\u00eda A:<\/p>\n<p>1\u00b0: Vieira &#8211; Pucheta 4 pts<\/p>\n<p>2\u00b0: Vieira &#8211; Carest\u00eda 4 pts<\/p>\n<p>3\u00b0: Coniglio &#8211; Minici 4 pts<\/p>\n<p>Categor\u00eda B:<\/p>\n<p>1\u00b0: Nabaes &#8211; Zuliani 4 pts<\/p>\n<p>2\u00b0: Demartino &#8211; Sala 4 pts<\/p>\n<p>3\u00b0: Amespil &#8211; Violante 4 pts<\/p>\n<p>Categor\u00eda C:<\/p>\n<p>1\u00b0: Caballero &#8211; Torres 4 pts<\/p>\n<p>2\u00b0: Coronel &#8211; Giorgi 3 pts<\/p>\n<p>3\u00b0: Carranza &#8211; Delfino 3 pts<\/p>\n<p>&nbsp;<\/p>\n","protected":false},"excerpt":{"rendered":"<p>En el transcurso de la semana se complet\u00f3 la 2\u00b0 fecha del Torneo Apertura de pelota paleta que se lleva<\/p>\n","protected":false},"author":96739694,"featured_media":150306,"comment_status":"closed","ping_status":"closed","sticky":false,"template":"","format":"standard","meta":{"_jetpack_memberships_contains_paid_content":false,"footnotes":""},"categories":[30,1],"tags":[],"class_list":["post-150305","post","type-post","status-publish","format-standard","has-post-thumbnail","hentry","category-polideportivo","category-portada"],"jetpack_featured_media_url":"https:\/\/i0.wp.com\/cdnoticias.com\/wp-content\/uploads\/2022\/08\/WhatsApp-Image-2022-08-18-at-10.54.58-AM.jpeg?fit=1280%2C847&ssl=1","jetpack_sharing_enabled":true,"_links":{"self":[{"href":"https:\/\/cdnoticias.com\/index.php\/wp-json\/wp\/v2\/posts\/150305","targetHints":{"allow":["GET"]}}],"collection":[{"href":"https:\/\/cdnoticias.com\/index.php\/wp-json\/wp\/v2\/posts"}],"about":[{"href":"https:\/\/cdnoticias.com\/index.php\/wp-json\/wp\/v2\/types\/post"}],"author":[{"embeddable":true,"href":"https:\/\/cdnoticias.com\/index.php\/wp-json\/wp\/v2\/users\/96739694"}],"replies":[{"embeddable":true,"href":"https:\/\/cdnoticias.com\/index.php\/wp-json\/wp\/v2\/comments?post=150305"}],"version-history":[{"count":0,"href":"https:\/\/cdnoticias.com\/index.php\/wp-json\/wp\/v2\/posts\/150305\/revisions"}],"wp:featuredmedia":[{"embeddable":true,"href":"https:\/\/cdnoticias.com\/index.php\/wp-json\/wp\/v2\/media\/150306"}],"wp:attachment":[{"href":"https:\/\/cdnoticias.com\/index.php\/wp-json\/wp\/v2\/media?parent=150305"}],"wp:term":[{"taxonomy":"category","embeddable":true,"href":"https:\/\/cdnoticias.com\/index.php\/wp-json\/wp\/v2\/categories?post=150305"},{"taxonomy":"post_tag","embeddable":true,"href":"https:\/\/cdnoticias.com\/index.php\/wp-json\/wp\/v2\/tags?post=150305"}],"curies":[{"name":"wp","href":"https:\/\/api.w.org\/{rel}","templated":true}]}}